{"id":12764,"date":"2026-06-20T12:24:59","date_gmt":"2026-06-20T12:24:59","guid":{"rendered":"https:\/\/dev.iita.org\/news-item\/iita-and-nasc-call-for-greater-involvement-of-private-sector-in-seed-yam-production\/"},"modified":"2026-06-29T21:47:10","modified_gmt":"2026-06-29T21:47:10","slug":"iita-and-nasc-call-for-greater-involvement-of-private-sector-in-seed-yam-production","status":"publish","type":"news-item","link":"https:\/\/iita.org\/fr\/news-item\/iita-and-nasc-call-for-greater-involvement-of-private-sector-in-seed-yam-production\/","title":{"rendered":"IITA and NASC call for greater involvement of private sector in seed yam production"},"content":{"rendered":"<p class=\"wp-block-paragraph\">Top seed production companies from across Nigeria convened at IITA on 6 August to explore novel technologies for high-ratio propagation of seed yam tubers.<\/p>\n\n\n\n<p class=\"wp-block-paragraph\"><figure id=\"attachment_13157\" aria-describedby=\"caption-attachment-13157\" style=\"width: 300px\" class=\"wp-caption alignright\"><a href=\"http:\/\/www.iita.org\/wp-content\/uploads\/2015\/08\/1024_DSCN1554_0617.jpg\"><img fetchpriority=\"high\" decoding=\"async\" class=\"size-medium wp-image-13157\" src=\"https:\/\/iita.org\/wp-content\/uploads\/2026\/06\/1024_DSCN1554_0617-300x195-1.jpg\" alt=\"Picture of Norbert Maroya briefs seed company representatives visiting IITA.\" width=\"300\" height=\"195\" \/><\/a><figcaption id=\"caption-attachment-13157\" class=\"wp-caption-text\">Norbert Maroya briefs seed company representatives visiting IITA.<\/figcaption><\/figure><\/p>\n\n\n\n<p class=\"wp-block-paragraph\">IITA scientists working on the Yam Improvement for Income  and Food Security in West Africa (<a href=\"https:\/\/iita.org\/fr\/web\/yiifswa\/\" target=\"_blank\" rel=\"noopener\">YIIFSWA<\/a>) project have developed novel high ratio propagation technologies such as vine cuttings, aeroponics,  and bioreactor to address the constraints of quality, rapidity,  and multiplication in seed yam production.<\/p>\n\n\n\n<p class=\"wp-block-paragraph\">Selon <a href=\"https:\/\/iita.org\/fr\/asiedu-robert\/\" target=\"_blank\" rel=\"noopener\">Robert Asiedu<\/a>, IITA\u2019s Director for West Africa, \u201cThe unavailability  and high cost of high quality seed yam is the primary constraint in West Africa with the food security of about 900 million people heavily dependent on the availability  and affordability of seed tubers.\u201d<\/p>\n\n\n\n<p class=\"wp-block-paragraph\">Traditionally, farmers use tubers as seeds, which is inefficient  and costly. High production costs are attributed to the use of seed yam tubers, which account for about 30% of the total yield  and as much as 63% of the total variable cost incurred per season of cultivation. Moreover, most of the tubers are of low quality, containing pests (nematodes)  and pathogens (virus), which decrease the yield of yam tubers.<\/p>\n\n\n\n<p class=\"wp-block-paragraph\">Furthermore, using the traditional system, the multiplication rate in the field is also very low. In comparison to cereals which produce about 300 seeds from a single stock, yam produces about 1 to 5 tubers depending on the variety.<\/p>\n\n\n\n<p class=\"wp-block-paragraph\">YIIFSWA Project Manager <a href=\"https:\/\/iita.org\/fr\/maroya-norbert\/\" target=\"_blank\" rel=\"noopener\">Norbert Maroya<\/a> says: \u201cProducing seed yam tubers using aeroponics, bioreactors,  and vine cuttings is quick  and cost effective, resulting in high-quality planting materials. The use of these novel, high-ratio propagation technologies gives a higher multiplication rate that is about 50-100 times more than the traditional system. It also significantly lowers the risk of nematode infestation  and promotes faster multiplication  and better  and more uniform crop quality.\u201d<\/p>\n\n\n\n<p class=\"wp-block-paragraph\">\u201cSeed is one of the most crucial elements in the livelihoods of agricultural communities. However, farmers\u2014yam farmers in particular\u2014are yet to benefit from using quality seed tubers because of inefficient seed production,  and lack of distribution  and quality assurance systems in the country. That is why we are calling for greater involvement of the private sector in the establishment of a formal seed system with the yam value chain,\u201d said Ebenezer Zidafomor, a representative from the National Agricultural Seed Council (<a href=\"http:\/\/www.seedcouncilngr.org\/\" target=\"_blank\" rel=\"noopener\">NASC<\/a>). Participants came from Greengold Construct Nig. Ltd, Mamora Seeds Ltd, Da Allgreen Seeds Ltd, Bumfash Nigeria Ltd, Biocrops Ltd, NASC, all based in Abuja; Sylva Ejezie Farm Ltd, Asaba, Delta State; Lumiere Seeds Limited, Premier Seeds Nigeria Limited, Zaria, Kaduna; Romarey Ventures Limited, Jos;  and Samlak Industries Ltd, Ibadan.<\/p>\n\n\n\n<p class=\"wp-block-paragraph\">Selon <a href=\"https:\/\/iita.org\/fr\/kumar-lava\/\" target=\"_blank\" rel=\"noopener\">Lava Kumar<\/a>, head of IITA\u2019s germplasm health unit, \u201cThe new technologies for the production of virus-free plants  and versatile diagnostic tools for virus indexing established in the YIIFSWA project are critically contributing to the development of clean seed yam systems.\u201d<\/p>\n\n\n\n<p class=\"wp-block-paragraph\">There is a need for government, research institutions,  and the private sector to collaborate  and develop solutions for the provision of food, poverty relief,  and resource equity.<\/p>\n\n\n\n<p class=\"wp-block-paragraph\">IITA works with various international  and national institutions such as NASC through projects such as YIIFSWA. YIIFSWA\u2019s goal is to help stop the decline  and double the productivity of yam in the major producing countries, Ghana  and Nigeria, that would stimulate a sustainable increase in incomes for smallholder yam producers  and contribute to their food security  and economic development.<\/p>\n\n\n\n<p class=\"wp-block-paragraph\">Pour plus d'informations :<\/p>\n\n\n\n<p class=\"wp-block-paragraph\">Andrea Gros, Chef de la communication, Si\u00e8ge de l'IITA, <a href=\"mailto:a.gros@cgiar.org\">a.gros@cgiar.org<\/a><\/p>\n\n\n\n<p class=\"wp-block-paragraph\"><strong>\u00c0 propos de l'IITA<\/strong> <a href=\"https:\/\/iita.org\/fr\/\">www.iita.org<\/a><br>L'IITA est l'un des principaux partenaires de recherche au monde pour trouver des solutions \u00e0 la faim, \u00e0 la malnutrition et \u00e0 la pauvret\u00e9. Son approche prim\u00e9e de recherche pour le d\u00e9veloppement (R4D) r\u00e9pond aux besoins de d\u00e9veloppement des pays tropicaux. L'IITA travaille avec des partenaires pour am\u00e9liorer la qualit\u00e9 et la productivit\u00e9 des cultures, r\u00e9duire les risques pour les producteurs et les consommateurs, et g\u00e9n\u00e9rer de la richesse \u00e0 partir de l'agriculture. L'IITA est une organisation \u00e0 but non lucratif fond\u00e9e en 1967 au Nig\u00e9ria et r\u00e9gie par un Conseil d'administration. L'IITA travaille sur les cultures suivantes : le ni\u00e9b\u00e9, le soja, la banane\/banane plantain, l'igname, le manioc et le ma\u00efs. Il est membre du CGIAR, un partenariat mondial de recherche agricole pour un avenir s\u00fbr sur le plan alimentaire.<\/p>","protected":false},"excerpt":{"rendered":"<p>Top seed production companies from across Nigeria convened at IITA on 6 August to explore novel technologies for high-ratio propagation of seed yam tubers.<\/p>","protected":false},"featured_media":12765,"template":"","meta":{"site-sidebar-layout":"default","site-content-layout":"","ast-site-content-layout":"default","site-content-style":"default","site-sidebar-style":"default","ast-global-header-display":"","ast-banner-title-visibility":"","ast-main-header-display":"","ast-hfb-above-header-display":"","ast-hfb-below-header-display":"","ast-hfb-mobile-header-display":"","site-post-title":"","ast-breadcrumbs-content":"","ast-featured-img":"","footer-sml-layout":"","theme-transparent-header-meta":"","adv-header-id-meta":"","stick-header-meta":"","header-above-stick-meta":"","header-main-stick-meta":"","header-below-stick-meta":"","astra-migrate-meta-layouts":"default","ast-page-background-enabled":"default","ast-page-background-meta":{"desktop":{"background-color":"var(--ast-global-color-5)","background-image":"","background-repeat":"repeat","background-position":"center center","background-size":"auto","background-attachment":"scroll","background-type":"","background-media":"","overlay-type":"","overlay-color":"","overlay-opacity":"","overlay-gradient":""},"tablet":{"background-color":"","background-image":"","background-repeat":"repeat","background-position":"center center","background-size":"auto","background-attachment":"scroll","background-type":"","background-media":"","overlay-type":"","overlay-color":"","overlay-opacity":"","overlay-gradient":""},"mobile":{"background-color":"","background-image":"","background-repeat":"repeat","background-position":"center center","background-size":"auto","background-attachment":"scroll","background-type":"","background-media":"","overlay-type":"","overlay-color":"","overlay-opacity":"","overlay-gradient":""}},"ast-content-background-meta":{"desktop":{"background-color":"var(--ast-global-color-4)","background-image":"","background-repeat":"repeat","background-position":"center center","background-size":"auto","background-attachment":"scroll","background-type":"","background-media":"","overlay-type":"","overlay-color":"","overlay-opacity":"","overlay-gradient":""},"tablet":{"background-color":"var(--ast-global-color-4)","background-image":"","background-repeat":"repeat","background-position":"center center","background-size":"auto","background-attachment":"scroll","background-type":"","background-media":"","overlay-type":"","overlay-color":"","overlay-opacity":"","overlay-gradient":""},"mobile":{"background-color":"var(--ast-global-color-4)","background-image":"","background-repeat":"repeat","background-position":"center center","background-size":"auto","background-attachment":"scroll","background-type":"","background-media":"","overlay-type":"","overlay-color":"","overlay-opacity":"","overlay-gradient":""}}},"tags":[280],"science-area":[],"program":[],"location":[32],"news-type":[],"hub":[],"crop":[71],"impact-areas":[],"item-year":[193],"class_list":["post-12764","news-item","type-news-item","status-publish","has-post-thumbnail","hentry","tag-seed-yamyamyam-improvement-for-income-and-food-security-in-west-africayiifswa","location-nigeria","crop-yam","item-year-193"],"yoast_head":"<!-- This site is optimized with the Yoast SEO plugin v28.2 - https:\/\/yoast.com\/product\/yoast-seo-wordpress\/ -->\n<title>IITA and NASC call for greater involvement of private sector in seed yam production - IITA<\/title>\n<meta name=\"robots\" content=\"index, follow, max-snippet:-1, max-image-preview:large, max-video-preview:-1\" \/>\n<link rel=\"canonical\" href=\"https:\/\/iita.org\/fr\/news-item\/iita-and-nasc-call-for-greater-involvement-of-private-sector-in-seed-yam-production\/\" \/>\n<meta property=\"og:locale\" content=\"fr_FR\" \/>\n<meta property=\"og:type\" content=\"article\" \/>\n<meta property=\"og:title\" content=\"IITA and NASC call for greater involvement of private sector in seed yam production - IITA\" \/>\n<meta property=\"og:description\" content=\"Top seed production companies from across Nigeria convened at IITA on 6 August to explore novel technologies for high-ratio propagation of seed yam tubers.\" \/>\n<meta property=\"og:url\" content=\"https:\/\/iita.org\/fr\/news-item\/iita-and-nasc-call-for-greater-involvement-of-private-sector-in-seed-yam-production\/\" \/>\n<meta property=\"og:site_name\" content=\"IITA\" \/>\n<meta property=\"article:publisher\" content=\"https:\/\/www.facebook.com\/IITA.CGIAR\" \/>\n<meta property=\"article:modified_time\" content=\"2026-06-29T21:47:10+00:00\" \/>\n<meta property=\"og:image\" content=\"https:\/\/iita.org\/wp-content\/uploads\/2026\/06\/1024_DSCN1554_0617.jpg\" \/>\n\t<meta property=\"og:image:width\" content=\"1024\" \/>\n\t<meta property=\"og:image:height\" content=\"667\" \/>\n\t<meta property=\"og:image:type\" content=\"image\/jpeg\" \/>\n<meta name=\"twitter:card\" content=\"summary_large_image\" \/>\n<meta name=\"twitter:site\" content=\"@IITA_CGIAR\" \/>\n<meta name=\"twitter:label1\" content=\"Dur\u00e9e de lecture estim\u00e9e\" \/>\n\t<meta name=\"twitter:data1\" content=\"3 minutes\" \/>\n<script type=\"application\/ld+json\" class=\"yoast-schema-graph\">{\"@context\":\"https:\\\/\\\/schema.org\",\"@graph\":[{\"@type\":\"WebPage\",\"@id\":\"https:\\\/\\\/iita.org\\\/news-item\\\/iita-and-nasc-call-for-greater-involvement-of-private-sector-in-seed-yam-production\\\/\",\"url\":\"https:\\\/\\\/iita.org\\\/news-item\\\/iita-and-nasc-call-for-greater-involvement-of-private-sector-in-seed-yam-production\\\/\",\"name\":\"IITA and NASC call for greater involvement of private sector in seed yam production - IITA\",\"isPartOf\":{\"@id\":\"https:\\\/\\\/iita.org\\\/#website\"},\"primaryImageOfPage\":{\"@id\":\"https:\\\/\\\/iita.org\\\/news-item\\\/iita-and-nasc-call-for-greater-involvement-of-private-sector-in-seed-yam-production\\\/#primaryimage\"},\"image\":{\"@id\":\"https:\\\/\\\/iita.org\\\/news-item\\\/iita-and-nasc-call-for-greater-involvement-of-private-sector-in-seed-yam-production\\\/#primaryimage\"},\"thumbnailUrl\":\"https:\\\/\\\/iita.org\\\/wp-content\\\/uploads\\\/2026\\\/06\\\/1024_DSCN1554_0617.jpg\",\"datePublished\":\"2026-06-20T12:24:59+00:00\",\"dateModified\":\"2026-06-29T21:47:10+00:00\",\"breadcrumb\":{\"@id\":\"https:\\\/\\\/iita.org\\\/news-item\\\/iita-and-nasc-call-for-greater-involvement-of-private-sector-in-seed-yam-production\\\/#breadcrumb\"},\"inLanguage\":\"fr-FR\",\"potentialAction\":[{\"@type\":\"ReadAction\",\"target\":[\"https:\\\/\\\/iita.org\\\/news-item\\\/iita-and-nasc-call-for-greater-involvement-of-private-sector-in-seed-yam-production\\\/\"]}]},{\"@type\":\"ImageObject\",\"inLanguage\":\"fr-FR\",\"@id\":\"https:\\\/\\\/iita.org\\\/news-item\\\/iita-and-nasc-call-for-greater-involvement-of-private-sector-in-seed-yam-production\\\/#primaryimage\",\"url\":\"https:\\\/\\\/iita.org\\\/wp-content\\\/uploads\\\/2026\\\/06\\\/1024_DSCN1554_0617.jpg\",\"contentUrl\":\"https:\\\/\\\/iita.org\\\/wp-content\\\/uploads\\\/2026\\\/06\\\/1024_DSCN1554_0617.jpg\",\"width\":1024,\"height\":667},{\"@type\":\"BreadcrumbList\",\"@id\":\"https:\\\/\\\/iita.org\\\/news-item\\\/iita-and-nasc-call-for-greater-involvement-of-private-sector-in-seed-yam-production\\\/#breadcrumb\",\"itemListElement\":[{\"@type\":\"ListItem\",\"position\":1,\"name\":\"Home\",\"item\":\"https:\\\/\\\/iita.org\\\/\"},{\"@type\":\"ListItem\",\"position\":2,\"name\":\"News\",\"item\":\"https:\\\/\\\/iita.org\\\/news-item\\\/\"},{\"@type\":\"ListItem\",\"position\":3,\"name\":\"IITA and NASC call for greater involvement of private sector in seed yam production\"}]},{\"@type\":\"WebSite\",\"@id\":\"https:\\\/\\\/iita.org\\\/#website\",\"url\":\"https:\\\/\\\/iita.org\\\/\",\"name\":\"IITA\",\"description\":\"\",\"publisher\":{\"@id\":\"https:\\\/\\\/iita.org\\\/#organization\"},\"potentialAction\":[{\"@type\":\"SearchAction\",\"target\":{\"@type\":\"EntryPoint\",\"urlTemplate\":\"https:\\\/\\\/iita.org\\\/?s={search_term_string}\"},\"query-input\":{\"@type\":\"PropertyValueSpecification\",\"valueRequired\":true,\"valueName\":\"search_term_string\"}}],\"inLanguage\":\"fr-FR\"},{\"@type\":\"Organization\",\"@id\":\"https:\\\/\\\/iita.org\\\/#organization\",\"name\":\"International Institute of Tropical Agriculture\",\"url\":\"https:\\\/\\\/iita.org\\\/\",\"logo\":{\"@type\":\"ImageObject\",\"inLanguage\":\"fr-FR\",\"@id\":\"https:\\\/\\\/iita.org\\\/#\\\/schema\\\/logo\\\/image\\\/\",\"url\":\"https:\\\/\\\/iita.org\\\/wp-content\\\/uploads\\\/2025\\\/07\\\/IITA-Logo-finalll.png\",\"contentUrl\":\"https:\\\/\\\/iita.org\\\/wp-content\\\/uploads\\\/2025\\\/07\\\/IITA-Logo-finalll.png\",\"width\":1788,\"height\":591,\"caption\":\"International Institute of Tropical Agriculture\"},\"image\":{\"@id\":\"https:\\\/\\\/iita.org\\\/#\\\/schema\\\/logo\\\/image\\\/\"},\"sameAs\":[\"https:\\\/\\\/www.facebook.com\\\/IITA.CGIAR\",\"https:\\\/\\\/x.com\\\/IITA_CGIAR\",\"http:\\\/\\\/www.linkedin.com\\\/company\\\/iita\",\"http:\\\/\\\/www.youtube.com\\\/user\\\/IITAPUBLISHING\"]}]}<\/script>\n<!-- \/ Yoast SEO plugin. -->","yoast_head_json":{"title":"IITA and NASC call for greater involvement of private sector in seed yam production - IITA","robots":{"index":"index","follow":"follow","max-snippet":"max-snippet:-1","max-image-preview":"max-image-preview:large","max-video-preview":"max-video-preview:-1"},"canonical":"https:\/\/iita.org\/fr\/news-item\/iita-and-nasc-call-for-greater-involvement-of-private-sector-in-seed-yam-production\/","og_locale":"fr_FR","og_type":"article","og_title":"IITA and NASC call for greater involvement of private sector in seed yam production - IITA","og_description":"Top seed production companies from across Nigeria convened at IITA on 6 August to explore novel technologies for high-ratio propagation of seed yam tubers.","og_url":"https:\/\/iita.org\/fr\/news-item\/iita-and-nasc-call-for-greater-involvement-of-private-sector-in-seed-yam-production\/","og_site_name":"IITA","article_publisher":"https:\/\/www.facebook.com\/IITA.CGIAR","article_modified_time":"2026-06-29T21:47:10+00:00","og_image":[{"width":1024,"height":667,"url":"https:\/\/iita.org\/wp-content\/uploads\/2026\/06\/1024_DSCN1554_0617.jpg","type":"image\/jpeg"}],"twitter_card":"summary_large_image","twitter_site":"@IITA_CGIAR","twitter_misc":{"Dur\u00e9e de lecture estim\u00e9e":"3 minutes"},"schema":{"@context":"https:\/\/schema.org","@graph":[{"@type":"WebPage","@id":"https:\/\/iita.org\/news-item\/iita-and-nasc-call-for-greater-involvement-of-private-sector-in-seed-yam-production\/","url":"https:\/\/iita.org\/news-item\/iita-and-nasc-call-for-greater-involvement-of-private-sector-in-seed-yam-production\/","name":"IITA and NASC call for greater involvement of private sector in seed yam production - IITA","isPartOf":{"@id":"https:\/\/iita.org\/#website"},"primaryImageOfPage":{"@id":"https:\/\/iita.org\/news-item\/iita-and-nasc-call-for-greater-involvement-of-private-sector-in-seed-yam-production\/#primaryimage"},"image":{"@id":"https:\/\/iita.org\/news-item\/iita-and-nasc-call-for-greater-involvement-of-private-sector-in-seed-yam-production\/#primaryimage"},"thumbnailUrl":"https:\/\/iita.org\/wp-content\/uploads\/2026\/06\/1024_DSCN1554_0617.jpg","datePublished":"2026-06-20T12:24:59+00:00","dateModified":"2026-06-29T21:47:10+00:00","breadcrumb":{"@id":"https:\/\/iita.org\/news-item\/iita-and-nasc-call-for-greater-involvement-of-private-sector-in-seed-yam-production\/#breadcrumb"},"inLanguage":"fr-FR","potentialAction":[{"@type":"ReadAction","target":["https:\/\/iita.org\/news-item\/iita-and-nasc-call-for-greater-involvement-of-private-sector-in-seed-yam-production\/"]}]},{"@type":"ImageObject","inLanguage":"fr-FR","@id":"https:\/\/iita.org\/news-item\/iita-and-nasc-call-for-greater-involvement-of-private-sector-in-seed-yam-production\/#primaryimage","url":"https:\/\/iita.org\/wp-content\/uploads\/2026\/06\/1024_DSCN1554_0617.jpg","contentUrl":"https:\/\/iita.org\/wp-content\/uploads\/2026\/06\/1024_DSCN1554_0617.jpg","width":1024,"height":667},{"@type":"BreadcrumbList","@id":"https:\/\/iita.org\/news-item\/iita-and-nasc-call-for-greater-involvement-of-private-sector-in-seed-yam-production\/#breadcrumb","itemListElement":[{"@type":"ListItem","position":1,"name":"Home","item":"https:\/\/iita.org\/"},{"@type":"ListItem","position":2,"name":"News","item":"https:\/\/iita.org\/news-item\/"},{"@type":"ListItem","position":3,"name":"IITA and NASC call for greater involvement of private sector in seed yam production"}]},{"@type":"WebSite","@id":"https:\/\/iita.org\/#website","url":"https:\/\/iita.org\/","name":"IITA","description":"","publisher":{"@id":"https:\/\/iita.org\/#organization"},"potentialAction":[{"@type":"SearchAction","target":{"@type":"EntryPoint","urlTemplate":"https:\/\/iita.org\/?s={search_term_string}"},"query-input":{"@type":"PropertyValueSpecification","valueRequired":true,"valueName":"search_term_string"}}],"inLanguage":"fr-FR"},{"@type":"Organization","@id":"https:\/\/iita.org\/#organization","name":"Institut International d'Agriculture Tropicale","url":"https:\/\/iita.org\/","logo":{"@type":"ImageObject","inLanguage":"fr-FR","@id":"https:\/\/iita.org\/#\/schema\/logo\/image\/","url":"https:\/\/iita.org\/wp-content\/uploads\/2025\/07\/IITA-Logo-finalll.png","contentUrl":"https:\/\/iita.org\/wp-content\/uploads\/2025\/07\/IITA-Logo-finalll.png","width":1788,"height":591,"caption":"International Institute of Tropical Agriculture"},"image":{"@id":"https:\/\/iita.org\/#\/schema\/logo\/image\/"},"sameAs":["https:\/\/www.facebook.com\/IITA.CGIAR","https:\/\/x.com\/IITA_CGIAR","http:\/\/www.linkedin.com\/company\/iita","http:\/\/www.youtube.com\/user\/IITAPUBLISHING"]}]}},"_links":{"self":[{"href":"https:\/\/iita.org\/fr\/wp-json\/wp\/v2\/news-item\/12764","targetHints":{"allow":["GET"]}}],"collection":[{"href":"https:\/\/iita.org\/fr\/wp-json\/wp\/v2\/news-item"}],"about":[{"href":"https:\/\/iita.org\/fr\/wp-json\/wp\/v2\/types\/news-item"}],"version-history":[{"count":1,"href":"https:\/\/iita.org\/fr\/wp-json\/wp\/v2\/news-item\/12764\/revisions"}],"predecessor-version":[{"id":30871,"href":"https:\/\/iita.org\/fr\/wp-json\/wp\/v2\/news-item\/12764\/revisions\/30871"}],"wp:featuredmedia":[{"embeddable":true,"href":"https:\/\/iita.org\/fr\/wp-json\/wp\/v2\/media\/12765"}],"wp:attachment":[{"href":"https:\/\/iita.org\/fr\/wp-json\/wp\/v2\/media?parent=12764"}],"wp:term":[{"taxonomy":"post_tag","embeddable":true,"href":"https:\/\/iita.org\/fr\/wp-json\/wp\/v2\/tags?post=12764"},{"taxonomy":"science-area","embeddable":true,"href":"https:\/\/iita.org\/fr\/wp-json\/wp\/v2\/science-area?post=12764"},{"taxonomy":"program","embeddable":true,"href":"https:\/\/iita.org\/fr\/wp-json\/wp\/v2\/program?post=12764"},{"taxonomy":"location","embeddable":true,"href":"https:\/\/iita.org\/fr\/wp-json\/wp\/v2\/location?post=12764"},{"taxonomy":"news-type","embeddable":true,"href":"https:\/\/iita.org\/fr\/wp-json\/wp\/v2\/news-type?post=12764"},{"taxonomy":"hub","embeddable":true,"href":"https:\/\/iita.org\/fr\/wp-json\/wp\/v2\/hub?post=12764"},{"taxonomy":"crop","embeddable":true,"href":"https:\/\/iita.org\/fr\/wp-json\/wp\/v2\/crop?post=12764"},{"taxonomy":"impact-areas","embeddable":true,"href":"https:\/\/iita.org\/fr\/wp-json\/wp\/v2\/impact-areas?post=12764"},{"taxonomy":"item-year","embeddable":true,"href":"https:\/\/iita.org\/fr\/wp-json\/wp\/v2\/item-year?post=12764"}],"curies":[{"name":"bien jou\u00e9","href":"https:\/\/api.w.org\/{rel}","templated":true}]}}