{"id":13202,"date":"2026-06-20T12:26:35","date_gmt":"2026-06-20T12:26:35","guid":{"rendered":"https:\/\/dev.iita.org\/news-item\/policymakers-and-researchers-declare-youth-unemployment-a-time-bomb\/"},"modified":"2026-06-20T12:26:35","modified_gmt":"2026-06-20T12:26:35","slug":"policymakers-and-researchers-declare-youth-unemployment-a-time-bomb","status":"publish","type":"news-item","link":"https:\/\/iita.org\/fr\/news-item\/policymakers-and-researchers-declare-youth-unemployment-a-time-bomb\/","title":{"rendered":"Policymakers and researchers declare youth unemployment a time bomb"},"content":{"rendered":"<figure id=\"attachment_10274\" aria-describedby=\"caption-attachment-10274\" style=\"width: 250px\" class=\"wp-caption alignright\"><a href=\"http:\/\/newint.iita.org\/wp-content\/uploads\/2016\/11\/Cross-section-of-participants-during-the-IITA-organized-special-session-on-youth-in-agriculture-during-the-Celebrating-event-in-Johannesburg.jpg\"><img decoding=\"async\" class=\"size-full wp-image-10274\" src=\"http:\/\/newint.iita.org\/wp-content\/uploads\/2016\/11\/Cross-section-of-participants-during-the-IITA-organized-special-session-on-youth-in-agriculture-during-the-Celebrating-event-in-Johannesburg.jpg\" alt=\"Cross section of participants during the IITA organized special session on youth in agriculture during the Celebrating event in Johannesburg\" width=\"250\" height=\"188\" \/><\/a><figcaption id=\"caption-attachment-10274\" class=\"wp-caption-text\">Cross section of participants during the IITA organized special session on youth in agriculture during the Celebrating event in Johannesburg<\/figcaption><\/figure>\n\nPolicymakers  and researchers in Africa have declared the rising youth unemployment iin the continent a potential \u201ctime bomb\u201d that should be quickly \u201cdefused\u201d using appropriate policies  and initiatives before it \u201cdetonates\u201d  and wreaks havoc on the continent. They also worry over the continent\u2019s rising food import bill which is estimated to be $35 billion annually; an amount, which, if invested in agriculture, could generate jobs  and take some youth out of the labor market.\n\n\u201cThe youth problem is indeed a \u2018time bomb\u2019 but also an opportunity if we can harness the energy in this population  and channel it to constructive use,\u201d said Dr Fina Opio, Executive Director, Association for Strengthening Agricultural Research in Eastern  and Central Africa (ASARECA), who chaired a special session titled, \u201cPromoting Youth Engagement in Agribusiness: the International Institute of Tropical Agriculture (IITA) Agripreneur Model,\u201d at the event marking the 15th anniversary of the Forum for Agricultural Research in Africa (FARA) in South Africa.\n\nAccounting for about 70 percent of the African population, young men  and women have the most education, enthusiasm,  and strength, yet very limited opportunities to apply their talents within communities.\n\nHowever, the recent experience of the IITA Youth in Agribusiness reveals that young individuals between 21  and 27 years of age with different backgrounds  and academic disciplines (ranging from art, information technology,  and engineering to the biological sciences  and agriculture) can take on the challenge of self-development with the right environment  and encouragement. The initiative, which began in 2012, under the leadership of Dr Nteranya Sanginga, IITA Director General, has proven that given the proper opportunities  and incentives, urban  and rural youth can be directed towards market-oriented agriculture, agribusiness,  and agro-services provision, with a huge significant impact upon the larger farming community.\n\nDr Opio backed the initiative by IITA  and called on donors  and policymakers to support it. \u201cI was in Ibadan  and was very impressed with the achievements of these young men  and women. This is the way we should go  and IITA has shown the way,\u201d she added.\n\nThe special session which had other organizations such as the Conseil ouest et centre africain pour la recherche et le d\u00e9veloppement agricoles \/ West  and Central African Council for Agricultural Research  and Development (CORAF\/WECARD),  and the Centre for Coordination of Agricultural Research  and Development for Southern Africa (CCARDESA) among others, recommended the following:\n<ul>\n \t<li>Mainstreaming the youth unemployment challenge at the national  and even at regional  and continental levels.<\/li>\n \t<li>Review  and change of curricula on agriculture in schools to encourage young people to go into the business of agriculture  and thereby create agricultural entrepreneurs. In addition, the business orientation has to be emphasized  and incorporated in the new curricula.<\/li>\n \t<li>Provision of access for youth to resources (funds, innovations, etc.)  and collective assets such as machinery, l and, productive assets, etc.<\/li>\n<\/ul>\nThe position of the special session was echoed by Dr Kanayo Nwanze, President of the International Fund for Agricultural Development (IFAD) during his keynote address. at the highlight of the celebration today.\n\nAccording to Dr Nwanze, if we wait further  and do nothing, the \u201ctime bomb\u201d will explode.\n\nThe IFAD president called on African governments to develop policies that would encourage inclusive growth, giving greater attention to marginalized groups including youth  and women, development of rural infrastructure,  and provision of social services in the rural areas to curb rural urban migration.\n\nHe said that Africa\u2019s food import bill of $35 billion was a source of concern because the continent\u2019s dependence on food imports was hurting the creation of local jobs which the youth would have benefited from.\n\nThe Celebrating FARA event was attended by over 500 policymakers, researchers,  and the donor community both from within  and outside of Africa. Dr Alfred Dixon, Head of the Partnership Coordination Office at IITA  and Project Leader of the Cassava Weed Management Project, said the event reechoed the magnitude of the youth problem among policymakers, technocrats, development investors,  and other stakeholders in Africa.\n\nFor more information, please contact:\n\nAlfred Dixon, <a>a.dixon@cgiar.org<\/a>\nGodwin Atser, <a>g.atser@cgiar.org<\/a>\nKatherine Lopez, <a>k.lopez@cgiar.org<\/a>\n\n<strong>\u00c0 propos de l'IITA<\/strong>, <a href=\"https:\/\/iita.org\/fr\/\">www.iita.org<\/a>\n\nL'IITA est l'un des principaux partenaires de recherche au monde pour trouver des solutions \u00e0 la faim, \u00e0 la malnutrition et \u00e0 la pauvret\u00e9. Son approche prim\u00e9e de recherche pour le d\u00e9veloppement (R4D) r\u00e9pond aux besoins de d\u00e9veloppement des pays tropicaux. L'IITA travaille avec des partenaires pour am\u00e9liorer la qualit\u00e9 et la productivit\u00e9 des cultures, r\u00e9duire les risques pour les producteurs et les consommateurs, et g\u00e9n\u00e9rer de la richesse \u00e0 partir de l'agriculture. L'IITA est une organisation \u00e0 but non lucratif fond\u00e9e en 1967 et dirig\u00e9e par un conseil d'administration. L'IITA travaille sur les cultures suivantes : le ni\u00e9b\u00e9, le soja, la banane\/banane plantain, l'igname, le manioc et le ma\u00efs. L'IITA est membre du CGIAR, un partenariat mondial de recherche agricole pour un avenir alimentaire s\u00fbr.","protected":false},"excerpt":{"rendered":"<p>Policymakers and researchers in Africa have declared the rising youth unemployment iin the continent a potential \u201ctime bomb\u201d that should be quickly \u201cdefused\u201d using appropriate policies and initiatives before it \u201cdetonates\u201d and wreaks havoc on the continent.<\/p>","protected":false},"featured_media":0,"template":"","meta":{"site-sidebar-layout":"default","site-content-layout":"","ast-site-content-layout":"default","site-content-style":"default","site-sidebar-style":"default","ast-global-header-display":"","ast-banner-title-visibility":"","ast-main-header-display":"","ast-hfb-above-header-display":"","ast-hfb-below-header-display":"","ast-hfb-mobile-header-display":"","site-post-title":"","ast-breadcrumbs-content":"","ast-featured-img":"","footer-sml-layout":"","theme-transparent-header-meta":"","adv-header-id-meta":"","stick-header-meta":"","header-above-stick-meta":"","header-main-stick-meta":"","header-below-stick-meta":"","astra-migrate-meta-layouts":"default","ast-page-background-enabled":"default","ast-page-background-meta":{"desktop":{"background-color":"var(--ast-global-color-5)","background-image":"","background-repeat":"repeat","background-position":"center center","background-size":"auto","background-attachment":"scroll","background-type":"","background-media":"","overlay-type":"","overlay-color":"","overlay-opacity":"","overlay-gradient":""},"tablet":{"background-color":"","background-image":"","background-repeat":"repeat","background-position":"center center","background-size":"auto","background-attachment":"scroll","background-type":"","background-media":"","overlay-type":"","overlay-color":"","overlay-opacity":"","overlay-gradient":""},"mobile":{"background-color":"","background-image":"","background-repeat":"repeat","background-position":"center center","background-size":"auto","background-attachment":"scroll","background-type":"","background-media":"","overlay-type":"","overlay-color":"","overlay-opacity":"","overlay-gradient":""}},"ast-content-background-meta":{"desktop":{"background-color":"var(--ast-global-color-4)","background-image":"","background-repeat":"repeat","background-position":"center center","background-size":"auto","background-attachment":"scroll","background-type":"","background-media":"","overlay-type":"","overlay-color":"","overlay-opacity":"","overlay-gradient":""},"tablet":{"background-color":"var(--ast-global-color-4)","background-image":"","background-repeat":"repeat","background-position":"center center","background-size":"auto","background-attachment":"scroll","background-type":"","background-media":"","overlay-type":"","overlay-color":"","overlay-opacity":"","overlay-gradient":""},"mobile":{"background-color":"var(--ast-global-color-4)","background-image":"","background-repeat":"repeat","background-position":"center center","background-size":"auto","background-attachment":"scroll","background-type":"","background-media":"","overlay-type":"","overlay-color":"","overlay-opacity":"","overlay-gradient":""}}},"tags":[],"science-area":[],"program":[],"location":[32],"news-type":[],"hub":[],"crop":[],"impact-areas":[],"item-year":[192],"class_list":["post-13202","news-item","type-news-item","status-publish","hentry","location-nigeria","item-year-192"],"yoast_head":"<!-- This site is optimized with the Yoast SEO plugin v28.2 - https:\/\/yoast.com\/product\/yoast-seo-wordpress\/ -->\n<title>Policymakers and researchers declare youth unemployment a time bomb - IITA<\/title>\n<meta name=\"robots\" content=\"index, follow, max-snippet:-1, max-image-preview:large, max-video-preview:-1\" \/>\n<link rel=\"canonical\" href=\"https:\/\/iita.org\/fr\/news-item\/policymakers-and-researchers-declare-youth-unemployment-a-time-bomb\/\" \/>\n<meta property=\"og:locale\" content=\"fr_FR\" \/>\n<meta property=\"og:type\" content=\"article\" \/>\n<meta property=\"og:title\" content=\"Policymakers and researchers declare youth unemployment a time bomb - IITA\" \/>\n<meta property=\"og:description\" content=\"Policymakers and researchers in Africa have declared the rising youth unemployment iin the continent a potential \u201ctime bomb\u201d that should be quickly \u201cdefused\u201d using appropriate policies and initiatives before it \u201cdetonates\u201d and wreaks havoc on the continent.\" \/>\n<meta property=\"og:url\" content=\"https:\/\/iita.org\/fr\/news-item\/policymakers-and-researchers-declare-youth-unemployment-a-time-bomb\/\" \/>\n<meta property=\"og:site_name\" content=\"IITA\" \/>\n<meta property=\"article:publisher\" content=\"https:\/\/www.facebook.com\/IITA.CGIAR\" \/>\n<meta name=\"twitter:card\" content=\"summary_large_image\" \/>\n<meta name=\"twitter:site\" content=\"@IITA_CGIAR\" \/>\n<meta name=\"twitter:label1\" content=\"Dur\u00e9e de lecture estim\u00e9e\" \/>\n\t<meta name=\"twitter:data1\" content=\"4 minutes\" \/>\n<script type=\"application\/ld+json\" class=\"yoast-schema-graph\">{\"@context\":\"https:\\\/\\\/schema.org\",\"@graph\":[{\"@type\":\"WebPage\",\"@id\":\"https:\\\/\\\/iita.org\\\/news-item\\\/policymakers-and-researchers-declare-youth-unemployment-a-time-bomb\\\/\",\"url\":\"https:\\\/\\\/iita.org\\\/news-item\\\/policymakers-and-researchers-declare-youth-unemployment-a-time-bomb\\\/\",\"name\":\"Policymakers and researchers declare youth unemployment a time bomb - IITA\",\"isPartOf\":{\"@id\":\"https:\\\/\\\/iita.org\\\/#website\"},\"primaryImageOfPage\":{\"@id\":\"https:\\\/\\\/iita.org\\\/news-item\\\/policymakers-and-researchers-declare-youth-unemployment-a-time-bomb\\\/#primaryimage\"},\"image\":{\"@id\":\"https:\\\/\\\/iita.org\\\/news-item\\\/policymakers-and-researchers-declare-youth-unemployment-a-time-bomb\\\/#primaryimage\"},\"thumbnailUrl\":\"http:\\\/\\\/newint.iita.org\\\/wp-content\\\/uploads\\\/2016\\\/11\\\/Cross-section-of-participants-during-the-IITA-organized-special-session-on-youth-in-agriculture-during-the-Celebrating-event-in-Johannesburg.jpg\",\"datePublished\":\"2026-06-20T12:26:35+00:00\",\"breadcrumb\":{\"@id\":\"https:\\\/\\\/iita.org\\\/news-item\\\/policymakers-and-researchers-declare-youth-unemployment-a-time-bomb\\\/#breadcrumb\"},\"inLanguage\":\"fr-FR\",\"potentialAction\":[{\"@type\":\"ReadAction\",\"target\":[\"https:\\\/\\\/iita.org\\\/news-item\\\/policymakers-and-researchers-declare-youth-unemployment-a-time-bomb\\\/\"]}]},{\"@type\":\"ImageObject\",\"inLanguage\":\"fr-FR\",\"@id\":\"https:\\\/\\\/iita.org\\\/news-item\\\/policymakers-and-researchers-declare-youth-unemployment-a-time-bomb\\\/#primaryimage\",\"url\":\"http:\\\/\\\/newint.iita.org\\\/wp-content\\\/uploads\\\/2016\\\/11\\\/Cross-section-of-participants-during-the-IITA-organized-special-session-on-youth-in-agriculture-during-the-Celebrating-event-in-Johannesburg.jpg\",\"contentUrl\":\"http:\\\/\\\/newint.iita.org\\\/wp-content\\\/uploads\\\/2016\\\/11\\\/Cross-section-of-participants-during-the-IITA-organized-special-session-on-youth-in-agriculture-during-the-Celebrating-event-in-Johannesburg.jpg\"},{\"@type\":\"BreadcrumbList\",\"@id\":\"https:\\\/\\\/iita.org\\\/news-item\\\/policymakers-and-researchers-declare-youth-unemployment-a-time-bomb\\\/#breadcrumb\",\"itemListElement\":[{\"@type\":\"ListItem\",\"position\":1,\"name\":\"Home\",\"item\":\"https:\\\/\\\/iita.org\\\/\"},{\"@type\":\"ListItem\",\"position\":2,\"name\":\"News\",\"item\":\"https:\\\/\\\/iita.org\\\/news-item\\\/\"},{\"@type\":\"ListItem\",\"position\":3,\"name\":\"Policymakers and researchers declare youth unemployment a time bomb\"}]},{\"@type\":\"WebSite\",\"@id\":\"https:\\\/\\\/iita.org\\\/#website\",\"url\":\"https:\\\/\\\/iita.org\\\/\",\"name\":\"IITA\",\"description\":\"\",\"publisher\":{\"@id\":\"https:\\\/\\\/iita.org\\\/#organization\"},\"potentialAction\":[{\"@type\":\"SearchAction\",\"target\":{\"@type\":\"EntryPoint\",\"urlTemplate\":\"https:\\\/\\\/iita.org\\\/?s={search_term_string}\"},\"query-input\":{\"@type\":\"PropertyValueSpecification\",\"valueRequired\":true,\"valueName\":\"search_term_string\"}}],\"inLanguage\":\"fr-FR\"},{\"@type\":\"Organization\",\"@id\":\"https:\\\/\\\/iita.org\\\/#organization\",\"name\":\"International Institute of Tropical Agriculture\",\"url\":\"https:\\\/\\\/iita.org\\\/\",\"logo\":{\"@type\":\"ImageObject\",\"inLanguage\":\"fr-FR\",\"@id\":\"https:\\\/\\\/iita.org\\\/#\\\/schema\\\/logo\\\/image\\\/\",\"url\":\"https:\\\/\\\/iita.org\\\/wp-content\\\/uploads\\\/2025\\\/07\\\/IITA-Logo-finalll.png\",\"contentUrl\":\"https:\\\/\\\/iita.org\\\/wp-content\\\/uploads\\\/2025\\\/07\\\/IITA-Logo-finalll.png\",\"width\":1788,\"height\":591,\"caption\":\"International Institute of Tropical Agriculture\"},\"image\":{\"@id\":\"https:\\\/\\\/iita.org\\\/#\\\/schema\\\/logo\\\/image\\\/\"},\"sameAs\":[\"https:\\\/\\\/www.facebook.com\\\/IITA.CGIAR\",\"https:\\\/\\\/x.com\\\/IITA_CGIAR\",\"http:\\\/\\\/www.linkedin.com\\\/company\\\/iita\",\"http:\\\/\\\/www.youtube.com\\\/user\\\/IITAPUBLISHING\"]}]}<\/script>\n<!-- \/ Yoast SEO plugin. -->","yoast_head_json":{"title":"Policymakers and researchers declare youth unemployment a time bomb - IITA","robots":{"index":"index","follow":"follow","max-snippet":"max-snippet:-1","max-image-preview":"max-image-preview:large","max-video-preview":"max-video-preview:-1"},"canonical":"https:\/\/iita.org\/fr\/news-item\/policymakers-and-researchers-declare-youth-unemployment-a-time-bomb\/","og_locale":"fr_FR","og_type":"article","og_title":"Policymakers and researchers declare youth unemployment a time bomb - IITA","og_description":"Policymakers and researchers in Africa have declared the rising youth unemployment iin the continent a potential \u201ctime bomb\u201d that should be quickly \u201cdefused\u201d using appropriate policies and initiatives before it \u201cdetonates\u201d and wreaks havoc on the continent.","og_url":"https:\/\/iita.org\/fr\/news-item\/policymakers-and-researchers-declare-youth-unemployment-a-time-bomb\/","og_site_name":"IITA","article_publisher":"https:\/\/www.facebook.com\/IITA.CGIAR","twitter_card":"summary_large_image","twitter_site":"@IITA_CGIAR","twitter_misc":{"Dur\u00e9e de lecture estim\u00e9e":"4 minutes"},"schema":{"@context":"https:\/\/schema.org","@graph":[{"@type":"WebPage","@id":"https:\/\/iita.org\/news-item\/policymakers-and-researchers-declare-youth-unemployment-a-time-bomb\/","url":"https:\/\/iita.org\/news-item\/policymakers-and-researchers-declare-youth-unemployment-a-time-bomb\/","name":"Policymakers and researchers declare youth unemployment a time bomb - IITA","isPartOf":{"@id":"https:\/\/iita.org\/#website"},"primaryImageOfPage":{"@id":"https:\/\/iita.org\/news-item\/policymakers-and-researchers-declare-youth-unemployment-a-time-bomb\/#primaryimage"},"image":{"@id":"https:\/\/iita.org\/news-item\/policymakers-and-researchers-declare-youth-unemployment-a-time-bomb\/#primaryimage"},"thumbnailUrl":"http:\/\/newint.iita.org\/wp-content\/uploads\/2016\/11\/Cross-section-of-participants-during-the-IITA-organized-special-session-on-youth-in-agriculture-during-the-Celebrating-event-in-Johannesburg.jpg","datePublished":"2026-06-20T12:26:35+00:00","breadcrumb":{"@id":"https:\/\/iita.org\/news-item\/policymakers-and-researchers-declare-youth-unemployment-a-time-bomb\/#breadcrumb"},"inLanguage":"fr-FR","potentialAction":[{"@type":"ReadAction","target":["https:\/\/iita.org\/news-item\/policymakers-and-researchers-declare-youth-unemployment-a-time-bomb\/"]}]},{"@type":"ImageObject","inLanguage":"fr-FR","@id":"https:\/\/iita.org\/news-item\/policymakers-and-researchers-declare-youth-unemployment-a-time-bomb\/#primaryimage","url":"http:\/\/newint.iita.org\/wp-content\/uploads\/2016\/11\/Cross-section-of-participants-during-the-IITA-organized-special-session-on-youth-in-agriculture-during-the-Celebrating-event-in-Johannesburg.jpg","contentUrl":"http:\/\/newint.iita.org\/wp-content\/uploads\/2016\/11\/Cross-section-of-participants-during-the-IITA-organized-special-session-on-youth-in-agriculture-during-the-Celebrating-event-in-Johannesburg.jpg"},{"@type":"BreadcrumbList","@id":"https:\/\/iita.org\/news-item\/policymakers-and-researchers-declare-youth-unemployment-a-time-bomb\/#breadcrumb","itemListElement":[{"@type":"ListItem","position":1,"name":"Home","item":"https:\/\/iita.org\/"},{"@type":"ListItem","position":2,"name":"News","item":"https:\/\/iita.org\/news-item\/"},{"@type":"ListItem","position":3,"name":"Policymakers and researchers declare youth unemployment a time bomb"}]},{"@type":"WebSite","@id":"https:\/\/iita.org\/#website","url":"https:\/\/iita.org\/","name":"IITA","description":"","publisher":{"@id":"https:\/\/iita.org\/#organization"},"potentialAction":[{"@type":"SearchAction","target":{"@type":"EntryPoint","urlTemplate":"https:\/\/iita.org\/?s={search_term_string}"},"query-input":{"@type":"PropertyValueSpecification","valueRequired":true,"valueName":"search_term_string"}}],"inLanguage":"fr-FR"},{"@type":"Organization","@id":"https:\/\/iita.org\/#organization","name":"Institut International d'Agriculture Tropicale","url":"https:\/\/iita.org\/","logo":{"@type":"ImageObject","inLanguage":"fr-FR","@id":"https:\/\/iita.org\/#\/schema\/logo\/image\/","url":"https:\/\/iita.org\/wp-content\/uploads\/2025\/07\/IITA-Logo-finalll.png","contentUrl":"https:\/\/iita.org\/wp-content\/uploads\/2025\/07\/IITA-Logo-finalll.png","width":1788,"height":591,"caption":"International Institute of Tropical Agriculture"},"image":{"@id":"https:\/\/iita.org\/#\/schema\/logo\/image\/"},"sameAs":["https:\/\/www.facebook.com\/IITA.CGIAR","https:\/\/x.com\/IITA_CGIAR","http:\/\/www.linkedin.com\/company\/iita","http:\/\/www.youtube.com\/user\/IITAPUBLISHING"]}]}},"_links":{"self":[{"href":"https:\/\/iita.org\/fr\/wp-json\/wp\/v2\/news-item\/13202","targetHints":{"allow":["GET"]}}],"collection":[{"href":"https:\/\/iita.org\/fr\/wp-json\/wp\/v2\/news-item"}],"about":[{"href":"https:\/\/iita.org\/fr\/wp-json\/wp\/v2\/types\/news-item"}],"version-history":[{"count":0,"href":"https:\/\/iita.org\/fr\/wp-json\/wp\/v2\/news-item\/13202\/revisions"}],"wp:attachment":[{"href":"https:\/\/iita.org\/fr\/wp-json\/wp\/v2\/media?parent=13202"}],"wp:term":[{"taxonomy":"post_tag","embeddable":true,"href":"https:\/\/iita.org\/fr\/wp-json\/wp\/v2\/tags?post=13202"},{"taxonomy":"science-area","embeddable":true,"href":"https:\/\/iita.org\/fr\/wp-json\/wp\/v2\/science-area?post=13202"},{"taxonomy":"program","embeddable":true,"href":"https:\/\/iita.org\/fr\/wp-json\/wp\/v2\/program?post=13202"},{"taxonomy":"location","embeddable":true,"href":"https:\/\/iita.org\/fr\/wp-json\/wp\/v2\/location?post=13202"},{"taxonomy":"news-type","embeddable":true,"href":"https:\/\/iita.org\/fr\/wp-json\/wp\/v2\/news-type?post=13202"},{"taxonomy":"hub","embeddable":true,"href":"https:\/\/iita.org\/fr\/wp-json\/wp\/v2\/hub?post=13202"},{"taxonomy":"crop","embeddable":true,"href":"https:\/\/iita.org\/fr\/wp-json\/wp\/v2\/crop?post=13202"},{"taxonomy":"impact-areas","embeddable":true,"href":"https:\/\/iita.org\/fr\/wp-json\/wp\/v2\/impact-areas?post=13202"},{"taxonomy":"item-year","embeddable":true,"href":"https:\/\/iita.org\/fr\/wp-json\/wp\/v2\/item-year?post=13202"}],"curies":[{"name":"bien jou\u00e9","href":"https:\/\/api.w.org\/{rel}","templated":true}]}}