{"id":17152,"date":"2026-06-20T12:55:34","date_gmt":"2026-06-20T12:55:34","guid":{"rendered":"https:\/\/dev.iita.org\/news-item\/le-president-du-benin-sera-le-champion-pour-une-initiative-de-liita-de-la-creation-dun-centre-international-liees-au-bio-agresseurs-associes-aux-changements-climatique\/"},"modified":"2026-06-29T18:00:33","modified_gmt":"2026-06-29T18:00:33","slug":"le-president-du-benin-sera-le-champion-pour-une-initiative-de-liita-de-la-creation-dun-centre-international-liees-au-bio-agresseurs-associes-aux-changements-climatique","status":"publish","type":"news-item","link":"https:\/\/iita.org\/fr\/news-item\/le-president-du-benin-sera-le-champion-pour-une-initiative-de-liita-de-la-creation-dun-centre-international-liees-au-bio-agresseurs-associes-aux-changements-climatique\/","title":{"rendered":"Le Pr\u00e9sident du B\u00e9nin sera le champion pour une initiative de l\u2019IITA de la cr\u00e9ation d\u2019un centre international li\u00e9es au bio-agresseurs associes aux changements climatique"},"content":{"rendered":"Son Excellence, Monsieur Patrice Talon, Pr\u00e9sident de la R\u00e9publique du B\u00e9nin, a accept\u00e9 de faire la promotion d\u2019une initiative de l\u2019IITA pour att\u00e9nuer les risques biotiques enduits par le changement climatique \u00e0 un large public au cours de la prochaine 22 COP au Maroc en novembre.\n<div id=\"attachment_1484\" class=\"wp-caption aligncenter\">\n\n<a href=\"https:\/\/iita.org\/wp-content\/uploads\/2026\/06\/640_29966405140_0551f87bcb_z.jpg\"><img fetchpriority=\"high\" decoding=\"async\" class=\"size-full wp-image-1484\" src=\"https:\/\/iita.org\/wp-content\/uploads\/2026\/06\/640_29966405140_0551f87bcb_z.jpg\" alt=\"Picture of DG Sanginga leads the IITA delegation that met with H.E. President Patrice Talon in Benin. The delegation included IITA-Benin Country Representative Manuele Tamo (center).\" width=\"640\" height=\"342\" aria-describedby=\"caption-attachment-1484\" \/><\/a>\n<p id=\"caption-attachment-1484\" class=\"wp-caption-text\">DG Sanginga leads the IITA delegation that met with H.E. President Patrice Talon in Benin. The\ndelegation included IITA-Benin Country Representative Manuele Tamo (center).<\/p>\n\n<\/div>\nUne d\u00e9l\u00e9gation de l\u2019IITA conduite par DG Nteranya Sanginga, a rendu visite \u00e0 Monsieur Patrice Talon, Pr\u00e9sident de la R\u00e9publique du B\u00e9nin ce mardi, 11 octobre.\n\nDG. Sanginga a \u00e9t\u00e9 pr\u00e9sent\u00e9 au Cabinet Pr\u00e9sidentiel par Delphin Koudande, Ministre B\u00e9ninois de l\u2019Agriculture, de l\u2019Elevage et de la P\u00eache (MAEP), et Patrice Adegbola, Directeur G\u00e9n\u00e9ral de l\u2019Institut National des Recherches Agricoles du B\u00e9nin (INRAB).\n\nCette visite a eu lieu dans le cadre de l\u2019atelier r\u00e9gional \u00abUne seule-sant\u00e9 (v\u00e9g\u00e9tale, animale et humaine) pour att\u00e9nuer les risques biotiques enduits par le changement climatique en Afrique de l\u2019Ouest\u00bb, qui a eu lieu \u00e0 la station de l\u2019IITA au B\u00e9nin sous l\u2019\u00e9gide du CORAF\/WECARD.\n\nLes discussions entre le Chef de l\u2019Etat et Dr\u00a0Nteranya Sanginga ont tourn\u00e9 autour de la cr\u00e9ation \u00e0 Cotonou d\u2019un centre international qui servira de plateforme \u00e0 la recherche et \u00e0 la formation de toutes les questions li\u00e9es au bio-agresseurs associes aux changements climatique.","protected":false},"excerpt":{"rendered":"<p>Son Excellence, Monsieur Patrice Talon, Pr\u00e9sident de la R\u00e9publique du B\u00e9nin, a accept\u00e9 de faire la promotion d\u2019une initiative de l\u2019IITA<\/p>","protected":false},"featured_media":17153,"template":"","meta":{"site-sidebar-layout":"default","site-content-layout":"","ast-site-content-layout":"default","site-content-style":"default","site-sidebar-style":"default","ast-global-header-display":"","ast-banner-title-visibility":"","ast-main-header-display":"","ast-hfb-above-header-display":"","ast-hfb-below-header-display":"","ast-hfb-mobile-header-display":"","site-post-title":"","ast-breadcrumbs-content":"","ast-featured-img":"","footer-sml-layout":"","theme-transparent-header-meta":"","adv-header-id-meta":"","stick-header-meta":"","header-above-stick-meta":"","header-main-stick-meta":"","header-below-stick-meta":"","astra-migrate-meta-layouts":"default","ast-page-background-enabled":"default","ast-page-background-meta":{"desktop":{"background-color":"var(--ast-global-color-5)","background-image":"","background-repeat":"repeat","background-position":"center center","background-size":"auto","background-attachment":"scroll","background-type":"","background-media":"","overlay-type":"","overlay-color":"","overlay-opacity":"","overlay-gradient":""},"tablet":{"background-color":"","background-image":"","background-repeat":"repeat","background-position":"center center","background-size":"auto","background-attachment":"scroll","background-type":"","background-media":"","overlay-type":"","overlay-color":"","overlay-opacity":"","overlay-gradient":""},"mobile":{"background-color":"","background-image":"","background-repeat":"repeat","background-position":"center center","background-size":"auto","background-attachment":"scroll","background-type":"","background-media":"","overlay-type":"","overlay-color":"","overlay-opacity":"","overlay-gradient":""}},"ast-content-background-meta":{"desktop":{"background-color":"var(--ast-global-color-4)","background-image":"","background-repeat":"repeat","background-position":"center center","background-size":"auto","background-attachment":"scroll","background-type":"","background-media":"","overlay-type":"","overlay-color":"","overlay-opacity":"","overlay-gradient":""},"tablet":{"background-color":"var(--ast-global-color-4)","background-image":"","background-repeat":"repeat","background-position":"center center","background-size":"auto","background-attachment":"scroll","background-type":"","background-media":"","overlay-type":"","overlay-color":"","overlay-opacity":"","overlay-gradient":""},"mobile":{"background-color":"var(--ast-global-color-4)","background-image":"","background-repeat":"repeat","background-position":"center center","background-size":"auto","background-attachment":"scroll","background-type":"","background-media":"","overlay-type":"","overlay-color":"","overlay-opacity":"","overlay-gradient":""}}},"tags":[2134],"science-area":[],"program":[],"location":[26],"news-type":[],"hub":[61],"crop":[],"impact-areas":[],"item-year":[194],"class_list":["post-17152","news-item","type-news-item","status-publish","has-post-thumbnail","hentry","tag-beninbulletin-no-2349climate-change","location-benin","hub-western-africa","item-year-194"],"yoast_head":"<!-- This site is optimized with the Yoast SEO plugin v28.2 - https:\/\/yoast.com\/product\/yoast-seo-wordpress\/ -->\n<title>Le Pr\u00e9sident du B\u00e9nin sera le champion pour une initiative de l\u2019IITA de la cr\u00e9ation d\u2019un centre international li\u00e9es au bio-agresseurs associes aux changements climatique - IITA<\/title>\n<meta name=\"robots\" content=\"index, follow, max-snippet:-1, max-image-preview:large, max-video-preview:-1\" \/>\n<link rel=\"canonical\" href=\"https:\/\/iita.org\/fr\/news-item\/le-president-du-benin-sera-le-champion-pour-une-initiative-de-liita-de-la-creation-dun-centre-international-liees-au-bio-agresseurs-associes-aux-changements-climatique\/\" \/>\n<meta property=\"og:locale\" content=\"fr_FR\" \/>\n<meta property=\"og:type\" content=\"article\" \/>\n<meta property=\"og:title\" content=\"Le Pr\u00e9sident du B\u00e9nin sera le champion pour une initiative de l\u2019IITA de la cr\u00e9ation d\u2019un centre international li\u00e9es au bio-agresseurs associes aux changements climatique - IITA\" \/>\n<meta property=\"og:description\" content=\"Son Excellence, Monsieur Patrice Talon, Pr\u00e9sident de la R\u00e9publique du B\u00e9nin, a accept\u00e9 de faire la promotion d\u2019une initiative de l\u2019IITA\" \/>\n<meta property=\"og:url\" content=\"https:\/\/iita.org\/fr\/news-item\/le-president-du-benin-sera-le-champion-pour-une-initiative-de-liita-de-la-creation-dun-centre-international-liees-au-bio-agresseurs-associes-aux-changements-climatique\/\" \/>\n<meta property=\"og:site_name\" content=\"IITA\" \/>\n<meta property=\"article:publisher\" content=\"https:\/\/www.facebook.com\/IITA.CGIAR\" \/>\n<meta property=\"article:modified_time\" content=\"2026-06-29T18:00:33+00:00\" \/>\n<meta property=\"og:image\" content=\"https:\/\/iita.org\/wp-content\/uploads\/2026\/06\/640_29966405140_0551f87bcb_z.jpg\" \/>\n\t<meta property=\"og:image:width\" content=\"640\" \/>\n\t<meta property=\"og:image:height\" content=\"342\" \/>\n\t<meta property=\"og:image:type\" content=\"image\/jpeg\" \/>\n<meta name=\"twitter:card\" content=\"summary_large_image\" \/>\n<meta name=\"twitter:site\" content=\"@IITA_CGIAR\" \/>\n<meta name=\"twitter:label1\" content=\"Dur\u00e9e de lecture estim\u00e9e\" \/>\n\t<meta name=\"twitter:data1\" content=\"1 minute\" \/>\n<script type=\"application\/ld+json\" class=\"yoast-schema-graph\">{\"@context\":\"https:\\\/\\\/schema.org\",\"@graph\":[{\"@type\":\"WebPage\",\"@id\":\"https:\\\/\\\/iita.org\\\/news-item\\\/le-president-du-benin-sera-le-champion-pour-une-initiative-de-liita-de-la-creation-dun-centre-international-liees-au-bio-agresseurs-associes-aux-changements-climatique\\\/\",\"url\":\"https:\\\/\\\/iita.org\\\/news-item\\\/le-president-du-benin-sera-le-champion-pour-une-initiative-de-liita-de-la-creation-dun-centre-international-liees-au-bio-agresseurs-associes-aux-changements-climatique\\\/\",\"name\":\"Le Pr\u00e9sident du B\u00e9nin sera le champion pour une initiative de l\u2019IITA de la cr\u00e9ation d\u2019un centre international li\u00e9es au bio-agresseurs associes aux changements climatique - IITA\",\"isPartOf\":{\"@id\":\"https:\\\/\\\/iita.org\\\/#website\"},\"primaryImageOfPage\":{\"@id\":\"https:\\\/\\\/iita.org\\\/news-item\\\/le-president-du-benin-sera-le-champion-pour-une-initiative-de-liita-de-la-creation-dun-centre-international-liees-au-bio-agresseurs-associes-aux-changements-climatique\\\/#primaryimage\"},\"image\":{\"@id\":\"https:\\\/\\\/iita.org\\\/news-item\\\/le-president-du-benin-sera-le-champion-pour-une-initiative-de-liita-de-la-creation-dun-centre-international-liees-au-bio-agresseurs-associes-aux-changements-climatique\\\/#primaryimage\"},\"thumbnailUrl\":\"https:\\\/\\\/iita.org\\\/wp-content\\\/uploads\\\/2026\\\/06\\\/640_29966405140_0551f87bcb_z.jpg\",\"datePublished\":\"2026-06-20T12:55:34+00:00\",\"dateModified\":\"2026-06-29T18:00:33+00:00\",\"breadcrumb\":{\"@id\":\"https:\\\/\\\/iita.org\\\/news-item\\\/le-president-du-benin-sera-le-champion-pour-une-initiative-de-liita-de-la-creation-dun-centre-international-liees-au-bio-agresseurs-associes-aux-changements-climatique\\\/#breadcrumb\"},\"inLanguage\":\"fr-FR\",\"potentialAction\":[{\"@type\":\"ReadAction\",\"target\":[\"https:\\\/\\\/iita.org\\\/news-item\\\/le-president-du-benin-sera-le-champion-pour-une-initiative-de-liita-de-la-creation-dun-centre-international-liees-au-bio-agresseurs-associes-aux-changements-climatique\\\/\"]}]},{\"@type\":\"ImageObject\",\"inLanguage\":\"fr-FR\",\"@id\":\"https:\\\/\\\/iita.org\\\/news-item\\\/le-president-du-benin-sera-le-champion-pour-une-initiative-de-liita-de-la-creation-dun-centre-international-liees-au-bio-agresseurs-associes-aux-changements-climatique\\\/#primaryimage\",\"url\":\"https:\\\/\\\/iita.org\\\/wp-content\\\/uploads\\\/2026\\\/06\\\/640_29966405140_0551f87bcb_z.jpg\",\"contentUrl\":\"https:\\\/\\\/iita.org\\\/wp-content\\\/uploads\\\/2026\\\/06\\\/640_29966405140_0551f87bcb_z.jpg\",\"width\":640,\"height\":342},{\"@type\":\"BreadcrumbList\",\"@id\":\"https:\\\/\\\/iita.org\\\/news-item\\\/le-president-du-benin-sera-le-champion-pour-une-initiative-de-liita-de-la-creation-dun-centre-international-liees-au-bio-agresseurs-associes-aux-changements-climatique\\\/#breadcrumb\",\"itemListElement\":[{\"@type\":\"ListItem\",\"position\":1,\"name\":\"Home\",\"item\":\"https:\\\/\\\/iita.org\\\/\"},{\"@type\":\"ListItem\",\"position\":2,\"name\":\"News\",\"item\":\"https:\\\/\\\/iita.org\\\/news-item\\\/\"},{\"@type\":\"ListItem\",\"position\":3,\"name\":\"Le Pr\u00e9sident du B\u00e9nin sera le champion pour une initiative de l\u2019IITA de la cr\u00e9ation d\u2019un centre international li\u00e9es au bio-agresseurs associes aux changements climatique\"}]},{\"@type\":\"WebSite\",\"@id\":\"https:\\\/\\\/iita.org\\\/#website\",\"url\":\"https:\\\/\\\/iita.org\\\/\",\"name\":\"IITA\",\"description\":\"\",\"publisher\":{\"@id\":\"https:\\\/\\\/iita.org\\\/#organization\"},\"potentialAction\":[{\"@type\":\"SearchAction\",\"target\":{\"@type\":\"EntryPoint\",\"urlTemplate\":\"https:\\\/\\\/iita.org\\\/?s={search_term_string}\"},\"query-input\":{\"@type\":\"PropertyValueSpecification\",\"valueRequired\":true,\"valueName\":\"search_term_string\"}}],\"inLanguage\":\"fr-FR\"},{\"@type\":\"Organization\",\"@id\":\"https:\\\/\\\/iita.org\\\/#organization\",\"name\":\"International Institute of Tropical Agriculture\",\"url\":\"https:\\\/\\\/iita.org\\\/\",\"logo\":{\"@type\":\"ImageObject\",\"inLanguage\":\"fr-FR\",\"@id\":\"https:\\\/\\\/iita.org\\\/#\\\/schema\\\/logo\\\/image\\\/\",\"url\":\"https:\\\/\\\/iita.org\\\/wp-content\\\/uploads\\\/2025\\\/07\\\/IITA-Logo-finalll.png\",\"contentUrl\":\"https:\\\/\\\/iita.org\\\/wp-content\\\/uploads\\\/2025\\\/07\\\/IITA-Logo-finalll.png\",\"width\":1788,\"height\":591,\"caption\":\"International Institute of Tropical Agriculture\"},\"image\":{\"@id\":\"https:\\\/\\\/iita.org\\\/#\\\/schema\\\/logo\\\/image\\\/\"},\"sameAs\":[\"https:\\\/\\\/www.facebook.com\\\/IITA.CGIAR\",\"https:\\\/\\\/x.com\\\/IITA_CGIAR\",\"http:\\\/\\\/www.linkedin.com\\\/company\\\/iita\",\"http:\\\/\\\/www.youtube.com\\\/user\\\/IITAPUBLISHING\"]}]}<\/script>\n<!-- \/ Yoast SEO plugin. -->","yoast_head_json":{"title":"Le Pr\u00e9sident du B\u00e9nin sera le champion pour une initiative de l\u2019IITA de la cr\u00e9ation d\u2019un centre international li\u00e9es au bio-agresseurs associes aux changements climatique - IITA","robots":{"index":"index","follow":"follow","max-snippet":"max-snippet:-1","max-image-preview":"max-image-preview:large","max-video-preview":"max-video-preview:-1"},"canonical":"https:\/\/iita.org\/fr\/news-item\/le-president-du-benin-sera-le-champion-pour-une-initiative-de-liita-de-la-creation-dun-centre-international-liees-au-bio-agresseurs-associes-aux-changements-climatique\/","og_locale":"fr_FR","og_type":"article","og_title":"Le Pr\u00e9sident du B\u00e9nin sera le champion pour une initiative de l\u2019IITA de la cr\u00e9ation d\u2019un centre international li\u00e9es au bio-agresseurs associes aux changements climatique - IITA","og_description":"Son Excellence, Monsieur Patrice Talon, Pr\u00e9sident de la R\u00e9publique du B\u00e9nin, a accept\u00e9 de faire la promotion d\u2019une initiative de l\u2019IITA","og_url":"https:\/\/iita.org\/fr\/news-item\/le-president-du-benin-sera-le-champion-pour-une-initiative-de-liita-de-la-creation-dun-centre-international-liees-au-bio-agresseurs-associes-aux-changements-climatique\/","og_site_name":"IITA","article_publisher":"https:\/\/www.facebook.com\/IITA.CGIAR","article_modified_time":"2026-06-29T18:00:33+00:00","og_image":[{"width":640,"height":342,"url":"https:\/\/iita.org\/wp-content\/uploads\/2026\/06\/640_29966405140_0551f87bcb_z.jpg","type":"image\/jpeg"}],"twitter_card":"summary_large_image","twitter_site":"@IITA_CGIAR","twitter_misc":{"Dur\u00e9e de lecture estim\u00e9e":"1 minute"},"schema":{"@context":"https:\/\/schema.org","@graph":[{"@type":"WebPage","@id":"https:\/\/iita.org\/news-item\/le-president-du-benin-sera-le-champion-pour-une-initiative-de-liita-de-la-creation-dun-centre-international-liees-au-bio-agresseurs-associes-aux-changements-climatique\/","url":"https:\/\/iita.org\/news-item\/le-president-du-benin-sera-le-champion-pour-une-initiative-de-liita-de-la-creation-dun-centre-international-liees-au-bio-agresseurs-associes-aux-changements-climatique\/","name":"Le Pr\u00e9sident du B\u00e9nin sera le champion pour une initiative de l\u2019IITA de la cr\u00e9ation d\u2019un centre international li\u00e9es au bio-agresseurs associes aux changements climatique - IITA","isPartOf":{"@id":"https:\/\/iita.org\/#website"},"primaryImageOfPage":{"@id":"https:\/\/iita.org\/news-item\/le-president-du-benin-sera-le-champion-pour-une-initiative-de-liita-de-la-creation-dun-centre-international-liees-au-bio-agresseurs-associes-aux-changements-climatique\/#primaryimage"},"image":{"@id":"https:\/\/iita.org\/news-item\/le-president-du-benin-sera-le-champion-pour-une-initiative-de-liita-de-la-creation-dun-centre-international-liees-au-bio-agresseurs-associes-aux-changements-climatique\/#primaryimage"},"thumbnailUrl":"https:\/\/iita.org\/wp-content\/uploads\/2026\/06\/640_29966405140_0551f87bcb_z.jpg","datePublished":"2026-06-20T12:55:34+00:00","dateModified":"2026-06-29T18:00:33+00:00","breadcrumb":{"@id":"https:\/\/iita.org\/news-item\/le-president-du-benin-sera-le-champion-pour-une-initiative-de-liita-de-la-creation-dun-centre-international-liees-au-bio-agresseurs-associes-aux-changements-climatique\/#breadcrumb"},"inLanguage":"fr-FR","potentialAction":[{"@type":"ReadAction","target":["https:\/\/iita.org\/news-item\/le-president-du-benin-sera-le-champion-pour-une-initiative-de-liita-de-la-creation-dun-centre-international-liees-au-bio-agresseurs-associes-aux-changements-climatique\/"]}]},{"@type":"ImageObject","inLanguage":"fr-FR","@id":"https:\/\/iita.org\/news-item\/le-president-du-benin-sera-le-champion-pour-une-initiative-de-liita-de-la-creation-dun-centre-international-liees-au-bio-agresseurs-associes-aux-changements-climatique\/#primaryimage","url":"https:\/\/iita.org\/wp-content\/uploads\/2026\/06\/640_29966405140_0551f87bcb_z.jpg","contentUrl":"https:\/\/iita.org\/wp-content\/uploads\/2026\/06\/640_29966405140_0551f87bcb_z.jpg","width":640,"height":342},{"@type":"BreadcrumbList","@id":"https:\/\/iita.org\/news-item\/le-president-du-benin-sera-le-champion-pour-une-initiative-de-liita-de-la-creation-dun-centre-international-liees-au-bio-agresseurs-associes-aux-changements-climatique\/#breadcrumb","itemListElement":[{"@type":"ListItem","position":1,"name":"Home","item":"https:\/\/iita.org\/"},{"@type":"ListItem","position":2,"name":"News","item":"https:\/\/iita.org\/news-item\/"},{"@type":"ListItem","position":3,"name":"Le Pr\u00e9sident du B\u00e9nin sera le champion pour une initiative de l\u2019IITA de la cr\u00e9ation d\u2019un centre international li\u00e9es au bio-agresseurs associes aux changements climatique"}]},{"@type":"WebSite","@id":"https:\/\/iita.org\/#website","url":"https:\/\/iita.org\/","name":"IITA","description":"","publisher":{"@id":"https:\/\/iita.org\/#organization"},"potentialAction":[{"@type":"SearchAction","target":{"@type":"EntryPoint","urlTemplate":"https:\/\/iita.org\/?s={search_term_string}"},"query-input":{"@type":"PropertyValueSpecification","valueRequired":true,"valueName":"search_term_string"}}],"inLanguage":"fr-FR"},{"@type":"Organization","@id":"https:\/\/iita.org\/#organization","name":"Institut International d'Agriculture Tropicale","url":"https:\/\/iita.org\/","logo":{"@type":"ImageObject","inLanguage":"fr-FR","@id":"https:\/\/iita.org\/#\/schema\/logo\/image\/","url":"https:\/\/iita.org\/wp-content\/uploads\/2025\/07\/IITA-Logo-finalll.png","contentUrl":"https:\/\/iita.org\/wp-content\/uploads\/2025\/07\/IITA-Logo-finalll.png","width":1788,"height":591,"caption":"International Institute of Tropical Agriculture"},"image":{"@id":"https:\/\/iita.org\/#\/schema\/logo\/image\/"},"sameAs":["https:\/\/www.facebook.com\/IITA.CGIAR","https:\/\/x.com\/IITA_CGIAR","http:\/\/www.linkedin.com\/company\/iita","http:\/\/www.youtube.com\/user\/IITAPUBLISHING"]}]}},"_links":{"self":[{"href":"https:\/\/iita.org\/fr\/wp-json\/wp\/v2\/news-item\/17152","targetHints":{"allow":["GET"]}}],"collection":[{"href":"https:\/\/iita.org\/fr\/wp-json\/wp\/v2\/news-item"}],"about":[{"href":"https:\/\/iita.org\/fr\/wp-json\/wp\/v2\/types\/news-item"}],"version-history":[{"count":1,"href":"https:\/\/iita.org\/fr\/wp-json\/wp\/v2\/news-item\/17152\/revisions"}],"predecessor-version":[{"id":22939,"href":"https:\/\/iita.org\/fr\/wp-json\/wp\/v2\/news-item\/17152\/revisions\/22939"}],"wp:featuredmedia":[{"embeddable":true,"href":"https:\/\/iita.org\/fr\/wp-json\/wp\/v2\/media\/17153"}],"wp:attachment":[{"href":"https:\/\/iita.org\/fr\/wp-json\/wp\/v2\/media?parent=17152"}],"wp:term":[{"taxonomy":"post_tag","embeddable":true,"href":"https:\/\/iita.org\/fr\/wp-json\/wp\/v2\/tags?post=17152"},{"taxonomy":"science-area","embeddable":true,"href":"https:\/\/iita.org\/fr\/wp-json\/wp\/v2\/science-area?post=17152"},{"taxonomy":"program","embeddable":true,"href":"https:\/\/iita.org\/fr\/wp-json\/wp\/v2\/program?post=17152"},{"taxonomy":"location","embeddable":true,"href":"https:\/\/iita.org\/fr\/wp-json\/wp\/v2\/location?post=17152"},{"taxonomy":"news-type","embeddable":true,"href":"https:\/\/iita.org\/fr\/wp-json\/wp\/v2\/news-type?post=17152"},{"taxonomy":"hub","embeddable":true,"href":"https:\/\/iita.org\/fr\/wp-json\/wp\/v2\/hub?post=17152"},{"taxonomy":"crop","embeddable":true,"href":"https:\/\/iita.org\/fr\/wp-json\/wp\/v2\/crop?post=17152"},{"taxonomy":"impact-areas","embeddable":true,"href":"https:\/\/iita.org\/fr\/wp-json\/wp\/v2\/impact-areas?post=17152"},{"taxonomy":"item-year","embeddable":true,"href":"https:\/\/iita.org\/fr\/wp-json\/wp\/v2\/item-year?post=17152"}],"curies":[{"name":"bien jou\u00e9","href":"https:\/\/api.w.org\/{rel}","templated":true}]}}