{"id":17324,"date":"2026-06-20T12:56:27","date_gmt":"2026-06-20T12:56:27","guid":{"rendered":"https:\/\/dev.iita.org\/news-item\/nestle-iita-look-to-strengthen-partnership\/"},"modified":"2026-06-29T17:44:03","modified_gmt":"2026-06-29T17:44:03","slug":"nestle-iita-look-to-strengthen-partnership","status":"publish","type":"news-item","link":"https:\/\/iita.org\/fr\/news-item\/nestle-iita-look-to-strengthen-partnership\/","title":{"rendered":"Nestl\u00e9 et l'IITA cherchent \u00e0 renforcer leur partenariat"},"content":{"rendered":"La haute direction de\u00a0<a href=\"http:\/\/www.nestle.com\/\" target=\"_blank\" rel=\"noopener\">Nestl\u00e9<\/a>\u2019Le premier centre de recherche et d\u00e9veloppement (R&amp;D) d'Afrique subsaharienne a effectu\u00e9 une visite officielle au si\u00e8ge de l'IITA \u00e0 Ibadan, au Nigeria, les 25 et 26 juillet afin d'explorer de nouvelles opportunit\u00e9s de partenariat entre les deux organisations. La d\u00e9l\u00e9gation, venue d'Abidjan, en C\u00f4te d'Ivoire, \u00e9tait conduite par Oliver Chmiel, responsable du centre de R&amp;D. Il \u00e9tait accompagn\u00e9 de Chiekh Mboup, chef du d\u00e9partement d'agronomie et des sciences v\u00e9g\u00e9tales, et de Melanie Polman, responsable du laboratoire de sciences v\u00e9g\u00e9tales.\n<div id=\"attachment_1032\" class=\"wp-caption aligncenter\">\n\n<a href=\"https:\/\/iita.org\/wp-content\/uploads\/2026\/06\/1024_Nestle.jpg\" target=\"_blank\" rel=\"noopener\"><img fetchpriority=\"high\" decoding=\"async\" class=\"wp-image-1032 size-full\" src=\"https:\/\/iita.org\/wp-content\/uploads\/2026\/06\/1024_Nestle.jpg\" alt=\"Picture of The Nestl\u00e9 delegation learning about IITA\u2019s work in germpalsm preservation\" width=\"1024\" height=\"626\" aria-describedby=\"caption-attachment-1032\" \/><\/a>\n<p id=\"caption-attachment-1032\" class=\"wp-caption-text\">La d\u00e9l\u00e9gation de Nestl\u00e9 d\u00e9couvre les travaux de l'IITA sur la conservation des ressources g\u00e9n\u00e9tiques.<\/p>\n\n<\/div>\nCette visite fait suite \u00e0 l'accent renouvel\u00e9 mis par l'IITA sur les partenariats pour la mise en \u0153uvre et l'engagement du secteur priv\u00e9 \u2014 un accent qui garantit une meilleure diffusion des r\u00e9sultats de recherche et des solutions technologiques agricoles.\n\n\u201c Traditionnellement, l'IITA a \u00e9t\u00e9 un organisme de recherche. Au cours des derni\u00e8res ann\u00e9es, nous avons \u00e9volu\u00e9 davantage vers la vulgarisation et le d\u00e9veloppement. C'est pourquoi nous avons d\u00e9cid\u00e9 de cr\u00e9er une direction intitul\u00e9e Partenariat pour le d\u00e9veloppement. Cela a toujours \u00e9t\u00e9 ma passion de voir la recherche appliqu\u00e9e l\u00e0 o\u00f9 elle peut \u00eatre utilis\u00e9e \u201d, a expliqu\u00e9 le Dr\u00a0<a href=\"https:\/\/iita.org\/fr\/dashiell-kenton\/\" target=\"_blank\" rel=\"noopener\">Kenton Dashiell<\/a>, directeur g\u00e9n\u00e9ral adjoint de la direction des Partenariats pour la mise en \u0153uvre (P4D), qui a accueilli la d\u00e9l\u00e9gation.\n\nLe partenariat avec le centre de R&amp;D s'appuiera sur la longue histoire de collaboration entre l'IITA et Nestl\u00e9. Au Nig\u00e9ria, l'IITA continue de travailler avec Maggi (la principale marque de cubes d'assaisonnement de Nestl\u00e9) dans le domaine de la production de manioc.\n\nLa d\u00e9l\u00e9gation a \u00e9galement rencontr\u00e9 les scientifiques et les chefs d'unit\u00e9 de l'IITA avant d'entreprendre une visite compl\u00e8te du campus de l'IITA \u00e0 Ibadan. \u00c9taient pr\u00e9sents \u00e0 la r\u00e9union :\u00a0<a href=\"https:\/\/iita.org\/fr\/bhattacharjee-ranjana\/\" target=\"_blank\" rel=\"noopener\">Ranjana Bhattacharjee<\/a>, G\u00e9n\u00e9ticien mol\u00e9culaire,\u00a0<a href=\"https:\/\/iita.org\/fr\/schreurs-frederick\/\" target=\"_blank\" rel=\"noopener\">Frederick Schreurs<\/a>, Directeur G\u00e9n\u00e9ral de BIP,\u00a0<a href=\"https:\/\/iita.org\/fr\/abberton-michael\/\" target=\"_blank\" rel=\"noopener\">Michael Abberton<\/a>, chef du\u00a0<a href=\"https:\/\/iita.org\/fr\/web\/iita\/genebank\/\" target=\"_blank\" rel=\"noopener\">Centre de ressources g\u00e9n\u00e9tiques<\/a>,\u00a0<a href=\"https:\/\/iita.org\/fr\/kulakow-peter\/\" target=\"_blank\" rel=\"noopener\">Peter Kulakow<\/a>, S\u00e9lectionneur de manioc,\u00a0<a href=\"https:\/\/iita.org\/fr\/fatokun-christian\/\" target=\"_blank\" rel=\"noopener\">Christian Fatokun<\/a>, obtenteur,\u00a0<a href=\"https:\/\/iita.org\/fr\/ortega-beltran-alejandro\/\" target=\"_blank\" rel=\"noopener\">Alejandro Ortega-Beltran<\/a>, phytopathologiste, et\u00a0<a href=\"https:\/\/iita.org\/fr\/david-dekoeyer\/\" target=\"_blank\" rel=\"noopener\">David De Koeyer<\/a>, chef de projet pour\u00a0<a href=\"http:\/\/africayam.org\/\" target=\"_blank\" rel=\"noopener\">AfricaYam<\/a>.S'exprimant devant le groupe, Chmiel a soulign\u00e9 l'initiative de cr\u00e9ation de valeur partag\u00e9e (CVP) de Nestl\u00e9 et l'importance de la durabilit\u00e9 dans l'ensemble de leurs pratiques. \u201c Si je vous avais pr\u00e9sent\u00e9 cela il y a 15 ans, je n'aurais pas parl\u00e9 de CVP ; cependant, nous ne pourrons pas durer encore 150 ans sans int\u00e9grer la durabilit\u00e9 dans notre mod\u00e8le d'entreprise \u201d, a-t-il d\u00e9clar\u00e9.\nIl a en outre pr\u00e9cis\u00e9 que les objectifs du centre de R&amp;D d'Abidjan \u00e9taient de doubler l'impact de la croissance organique en Afrique en cinq ans, de r\u00e9duire le gaspillage alimentaire tout au long de la cha\u00eene de valeur et d'am\u00e9liorer la nutrition. Une collaboration \u00e9ventuelle avec l'IITA dans les domaines des produits \u00e0 base de prot\u00e9ines alternatives et de l'utilisation de vari\u00e9t\u00e9s de cultures am\u00e9lior\u00e9es et biofortifi\u00e9es a \u00e9t\u00e9 discut\u00e9e.\n\nLa d\u00e9l\u00e9gation de Nestl\u00e9 a conclu sa visite de deux jours par une visite de la Plateforme d'incubation d'entreprises (BIP), le\u00a0<a href=\"http:\/\/www.aflasafe.com\/aflasafe\" target=\"_blank\" rel=\"noopener\">Aflasafe<\/a>\u00a0laboratoire, et le\u00a0<a href=\"http:\/\/youthagripreneurs.org\/\" target=\"_blank\" rel=\"noopener\">Jeunes agripreneurs de l'IITA<\/a>.\u201c Cette visite n'est que le d\u00e9but \u201d, a not\u00e9 Chmiel, \u201c nous reviendrons certainement pour discuter plus en d\u00e9tail des modalit\u00e9s de collaboration entre le Centre de R&amp;D et l'IITA. \u201d","protected":false},"excerpt":{"rendered":"<p>Top management from Nestl\u00e9\u2019s first Research and Development (R&amp;D) center in sub-Saharan Africa paid an official visit to IITA Headquarters in Ibadan<\/p>","protected":false},"featured_media":17325,"template":"","meta":{"site-sidebar-layout":"default","site-content-layout":"","ast-site-content-layout":"default","site-content-style":"default","site-sidebar-style":"default","ast-global-header-display":"","ast-banner-title-visibility":"","ast-main-header-display":"","ast-hfb-above-header-display":"","ast-hfb-below-header-display":"","ast-hfb-mobile-header-display":"","site-post-title":"","ast-breadcrumbs-content":"","ast-featured-img":"","footer-sml-layout":"","theme-transparent-header-meta":"","adv-header-id-meta":"","stick-header-meta":"","header-above-stick-meta":"","header-main-stick-meta":"","header-below-stick-meta":"","astra-migrate-meta-layouts":"default","ast-page-background-enabled":"default","ast-page-background-meta":{"desktop":{"background-color":"var(--ast-global-color-5)","background-image":"","background-repeat":"repeat","background-position":"center center","background-size":"auto","background-attachment":"scroll","background-type":"","background-media":"","overlay-type":"","overlay-color":"","overlay-opacity":"","overlay-gradient":""},"tablet":{"background-color":"","background-image":"","background-repeat":"repeat","background-position":"center center","background-size":"auto","background-attachment":"scroll","background-type":"","background-media":"","overlay-type":"","overlay-color":"","overlay-opacity":"","overlay-gradient":""},"mobile":{"background-color":"","background-image":"","background-repeat":"repeat","background-position":"center center","background-size":"auto","background-attachment":"scroll","background-type":"","background-media":"","overlay-type":"","overlay-color":"","overlay-opacity":"","overlay-gradient":""}},"ast-content-background-meta":{"desktop":{"background-color":"var(--ast-global-color-4)","background-image":"","background-repeat":"repeat","background-position":"center center","background-size":"auto","background-attachment":"scroll","background-type":"","background-media":"","overlay-type":"","overlay-color":"","overlay-opacity":"","overlay-gradient":""},"tablet":{"background-color":"var(--ast-global-color-4)","background-image":"","background-repeat":"repeat","background-position":"center center","background-size":"auto","background-attachment":"scroll","background-type":"","background-media":"","overlay-type":"","overlay-color":"","overlay-opacity":"","overlay-gradient":""},"mobile":{"background-color":"var(--ast-global-color-4)","background-image":"","background-repeat":"repeat","background-position":"center center","background-size":"auto","background-attachment":"scroll","background-type":"","background-media":"","overlay-type":"","overlay-color":"","overlay-opacity":"","overlay-gradient":""}}},"tags":[2218],"science-area":[],"program":[],"location":[32],"news-type":[],"hub":[61],"crop":[],"impact-areas":[],"item-year":[194],"class_list":["post-17324","news-item","type-news-item","status-publish","has-post-thumbnail","hentry","tag-bulletin-no-2336nestlepartnership","location-nigeria","hub-western-africa","item-year-194"],"yoast_head":"<!-- This site is optimized with the Yoast SEO plugin v28.2 - https:\/\/yoast.com\/product\/yoast-seo-wordpress\/ -->\n<title>Nestl\u00e9, IITA look to strengthen partnership - IITA<\/title>\n<meta name=\"robots\" content=\"index, follow, max-snippet:-1, max-image-preview:large, max-video-preview:-1\" \/>\n<link rel=\"canonical\" href=\"https:\/\/iita.org\/fr\/news-item\/nestle-iita-look-to-strengthen-partnership\/\" \/>\n<meta property=\"og:locale\" content=\"fr_FR\" \/>\n<meta property=\"og:type\" content=\"article\" \/>\n<meta property=\"og:title\" content=\"Nestl\u00e9, IITA look to strengthen partnership - IITA\" \/>\n<meta property=\"og:description\" content=\"Top management from Nestl\u00e9\u2019s first Research and Development (R&amp;D) center in sub-Saharan Africa paid an official visit to IITA Headquarters in Ibadan\" \/>\n<meta property=\"og:url\" content=\"https:\/\/iita.org\/fr\/news-item\/nestle-iita-look-to-strengthen-partnership\/\" \/>\n<meta property=\"og:site_name\" content=\"IITA\" \/>\n<meta property=\"article:publisher\" content=\"https:\/\/www.facebook.com\/IITA.CGIAR\" \/>\n<meta property=\"article:modified_time\" content=\"2026-06-29T17:44:03+00:00\" \/>\n<meta property=\"og:image\" content=\"https:\/\/iita.org\/wp-content\/uploads\/2026\/06\/1024_Nestle.jpg\" \/>\n\t<meta property=\"og:image:width\" content=\"1024\" \/>\n\t<meta property=\"og:image:height\" content=\"626\" \/>\n\t<meta property=\"og:image:type\" content=\"image\/jpeg\" \/>\n<meta name=\"twitter:card\" content=\"summary_large_image\" \/>\n<meta name=\"twitter:site\" content=\"@IITA_CGIAR\" \/>\n<meta name=\"twitter:label1\" content=\"Dur\u00e9e de lecture estim\u00e9e\" \/>\n\t<meta name=\"twitter:data1\" content=\"2 minutes\" \/>\n<script type=\"application\/ld+json\" class=\"yoast-schema-graph\">{\"@context\":\"https:\\\/\\\/schema.org\",\"@graph\":[{\"@type\":\"WebPage\",\"@id\":\"https:\\\/\\\/iita.org\\\/news-item\\\/nestle-iita-look-to-strengthen-partnership\\\/\",\"url\":\"https:\\\/\\\/iita.org\\\/news-item\\\/nestle-iita-look-to-strengthen-partnership\\\/\",\"name\":\"Nestl\u00e9, IITA look to strengthen partnership - IITA\",\"isPartOf\":{\"@id\":\"https:\\\/\\\/iita.org\\\/#website\"},\"primaryImageOfPage\":{\"@id\":\"https:\\\/\\\/iita.org\\\/news-item\\\/nestle-iita-look-to-strengthen-partnership\\\/#primaryimage\"},\"image\":{\"@id\":\"https:\\\/\\\/iita.org\\\/news-item\\\/nestle-iita-look-to-strengthen-partnership\\\/#primaryimage\"},\"thumbnailUrl\":\"https:\\\/\\\/iita.org\\\/wp-content\\\/uploads\\\/2026\\\/06\\\/1024_Nestle.jpg\",\"datePublished\":\"2026-06-20T12:56:27+00:00\",\"dateModified\":\"2026-06-29T17:44:03+00:00\",\"breadcrumb\":{\"@id\":\"https:\\\/\\\/iita.org\\\/news-item\\\/nestle-iita-look-to-strengthen-partnership\\\/#breadcrumb\"},\"inLanguage\":\"fr-FR\",\"potentialAction\":[{\"@type\":\"ReadAction\",\"target\":[\"https:\\\/\\\/iita.org\\\/news-item\\\/nestle-iita-look-to-strengthen-partnership\\\/\"]}]},{\"@type\":\"ImageObject\",\"inLanguage\":\"fr-FR\",\"@id\":\"https:\\\/\\\/iita.org\\\/news-item\\\/nestle-iita-look-to-strengthen-partnership\\\/#primaryimage\",\"url\":\"https:\\\/\\\/iita.org\\\/wp-content\\\/uploads\\\/2026\\\/06\\\/1024_Nestle.jpg\",\"contentUrl\":\"https:\\\/\\\/iita.org\\\/wp-content\\\/uploads\\\/2026\\\/06\\\/1024_Nestle.jpg\",\"width\":1024,\"height\":626},{\"@type\":\"BreadcrumbList\",\"@id\":\"https:\\\/\\\/iita.org\\\/news-item\\\/nestle-iita-look-to-strengthen-partnership\\\/#breadcrumb\",\"itemListElement\":[{\"@type\":\"ListItem\",\"position\":1,\"name\":\"Home\",\"item\":\"https:\\\/\\\/iita.org\\\/\"},{\"@type\":\"ListItem\",\"position\":2,\"name\":\"News\",\"item\":\"https:\\\/\\\/iita.org\\\/news-item\\\/\"},{\"@type\":\"ListItem\",\"position\":3,\"name\":\"Nestl\u00e9, IITA look to strengthen partnership\"}]},{\"@type\":\"WebSite\",\"@id\":\"https:\\\/\\\/iita.org\\\/#website\",\"url\":\"https:\\\/\\\/iita.org\\\/\",\"name\":\"IITA\",\"description\":\"\",\"publisher\":{\"@id\":\"https:\\\/\\\/iita.org\\\/#organization\"},\"potentialAction\":[{\"@type\":\"SearchAction\",\"target\":{\"@type\":\"EntryPoint\",\"urlTemplate\":\"https:\\\/\\\/iita.org\\\/?s={search_term_string}\"},\"query-input\":{\"@type\":\"PropertyValueSpecification\",\"valueRequired\":true,\"valueName\":\"search_term_string\"}}],\"inLanguage\":\"fr-FR\"},{\"@type\":\"Organization\",\"@id\":\"https:\\\/\\\/iita.org\\\/#organization\",\"name\":\"International Institute of Tropical Agriculture\",\"url\":\"https:\\\/\\\/iita.org\\\/\",\"logo\":{\"@type\":\"ImageObject\",\"inLanguage\":\"fr-FR\",\"@id\":\"https:\\\/\\\/iita.org\\\/#\\\/schema\\\/logo\\\/image\\\/\",\"url\":\"https:\\\/\\\/iita.org\\\/wp-content\\\/uploads\\\/2025\\\/07\\\/IITA-Logo-finalll.png\",\"contentUrl\":\"https:\\\/\\\/iita.org\\\/wp-content\\\/uploads\\\/2025\\\/07\\\/IITA-Logo-finalll.png\",\"width\":1788,\"height\":591,\"caption\":\"International Institute of Tropical Agriculture\"},\"image\":{\"@id\":\"https:\\\/\\\/iita.org\\\/#\\\/schema\\\/logo\\\/image\\\/\"},\"sameAs\":[\"https:\\\/\\\/www.facebook.com\\\/IITA.CGIAR\",\"https:\\\/\\\/x.com\\\/IITA_CGIAR\",\"http:\\\/\\\/www.linkedin.com\\\/company\\\/iita\",\"http:\\\/\\\/www.youtube.com\\\/user\\\/IITAPUBLISHING\"]}]}<\/script>\n<!-- \/ Yoast SEO plugin. -->","yoast_head_json":{"title":"Nestl\u00e9, IITA look to strengthen partnership - IITA","robots":{"index":"index","follow":"follow","max-snippet":"max-snippet:-1","max-image-preview":"max-image-preview:large","max-video-preview":"max-video-preview:-1"},"canonical":"https:\/\/iita.org\/fr\/news-item\/nestle-iita-look-to-strengthen-partnership\/","og_locale":"fr_FR","og_type":"article","og_title":"Nestl\u00e9, IITA look to strengthen partnership - IITA","og_description":"Top management from Nestl\u00e9\u2019s first Research and Development (R&amp;D) center in sub-Saharan Africa paid an official visit to IITA Headquarters in Ibadan","og_url":"https:\/\/iita.org\/fr\/news-item\/nestle-iita-look-to-strengthen-partnership\/","og_site_name":"IITA","article_publisher":"https:\/\/www.facebook.com\/IITA.CGIAR","article_modified_time":"2026-06-29T17:44:03+00:00","og_image":[{"width":1024,"height":626,"url":"https:\/\/iita.org\/wp-content\/uploads\/2026\/06\/1024_Nestle.jpg","type":"image\/jpeg"}],"twitter_card":"summary_large_image","twitter_site":"@IITA_CGIAR","twitter_misc":{"Dur\u00e9e de lecture estim\u00e9e":"2 minutes"},"schema":{"@context":"https:\/\/schema.org","@graph":[{"@type":"WebPage","@id":"https:\/\/iita.org\/news-item\/nestle-iita-look-to-strengthen-partnership\/","url":"https:\/\/iita.org\/news-item\/nestle-iita-look-to-strengthen-partnership\/","name":"Nestl\u00e9, IITA look to strengthen partnership - IITA","isPartOf":{"@id":"https:\/\/iita.org\/#website"},"primaryImageOfPage":{"@id":"https:\/\/iita.org\/news-item\/nestle-iita-look-to-strengthen-partnership\/#primaryimage"},"image":{"@id":"https:\/\/iita.org\/news-item\/nestle-iita-look-to-strengthen-partnership\/#primaryimage"},"thumbnailUrl":"https:\/\/iita.org\/wp-content\/uploads\/2026\/06\/1024_Nestle.jpg","datePublished":"2026-06-20T12:56:27+00:00","dateModified":"2026-06-29T17:44:03+00:00","breadcrumb":{"@id":"https:\/\/iita.org\/news-item\/nestle-iita-look-to-strengthen-partnership\/#breadcrumb"},"inLanguage":"fr-FR","potentialAction":[{"@type":"ReadAction","target":["https:\/\/iita.org\/news-item\/nestle-iita-look-to-strengthen-partnership\/"]}]},{"@type":"ImageObject","inLanguage":"fr-FR","@id":"https:\/\/iita.org\/news-item\/nestle-iita-look-to-strengthen-partnership\/#primaryimage","url":"https:\/\/iita.org\/wp-content\/uploads\/2026\/06\/1024_Nestle.jpg","contentUrl":"https:\/\/iita.org\/wp-content\/uploads\/2026\/06\/1024_Nestle.jpg","width":1024,"height":626},{"@type":"BreadcrumbList","@id":"https:\/\/iita.org\/news-item\/nestle-iita-look-to-strengthen-partnership\/#breadcrumb","itemListElement":[{"@type":"ListItem","position":1,"name":"Home","item":"https:\/\/iita.org\/"},{"@type":"ListItem","position":2,"name":"News","item":"https:\/\/iita.org\/news-item\/"},{"@type":"ListItem","position":3,"name":"Nestl\u00e9, IITA look to strengthen partnership"}]},{"@type":"WebSite","@id":"https:\/\/iita.org\/#website","url":"https:\/\/iita.org\/","name":"IITA","description":"","publisher":{"@id":"https:\/\/iita.org\/#organization"},"potentialAction":[{"@type":"SearchAction","target":{"@type":"EntryPoint","urlTemplate":"https:\/\/iita.org\/?s={search_term_string}"},"query-input":{"@type":"PropertyValueSpecification","valueRequired":true,"valueName":"search_term_string"}}],"inLanguage":"fr-FR"},{"@type":"Organization","@id":"https:\/\/iita.org\/#organization","name":"Institut International d'Agriculture Tropicale","url":"https:\/\/iita.org\/","logo":{"@type":"ImageObject","inLanguage":"fr-FR","@id":"https:\/\/iita.org\/#\/schema\/logo\/image\/","url":"https:\/\/iita.org\/wp-content\/uploads\/2025\/07\/IITA-Logo-finalll.png","contentUrl":"https:\/\/iita.org\/wp-content\/uploads\/2025\/07\/IITA-Logo-finalll.png","width":1788,"height":591,"caption":"International Institute of Tropical Agriculture"},"image":{"@id":"https:\/\/iita.org\/#\/schema\/logo\/image\/"},"sameAs":["https:\/\/www.facebook.com\/IITA.CGIAR","https:\/\/x.com\/IITA_CGIAR","http:\/\/www.linkedin.com\/company\/iita","http:\/\/www.youtube.com\/user\/IITAPUBLISHING"]}]}},"_links":{"self":[{"href":"https:\/\/iita.org\/fr\/wp-json\/wp\/v2\/news-item\/17324","targetHints":{"allow":["GET"]}}],"collection":[{"href":"https:\/\/iita.org\/fr\/wp-json\/wp\/v2\/news-item"}],"about":[{"href":"https:\/\/iita.org\/fr\/wp-json\/wp\/v2\/types\/news-item"}],"version-history":[{"count":1,"href":"https:\/\/iita.org\/fr\/wp-json\/wp\/v2\/news-item\/17324\/revisions"}],"predecessor-version":[{"id":22577,"href":"https:\/\/iita.org\/fr\/wp-json\/wp\/v2\/news-item\/17324\/revisions\/22577"}],"wp:featuredmedia":[{"embeddable":true,"href":"https:\/\/iita.org\/fr\/wp-json\/wp\/v2\/media\/17325"}],"wp:attachment":[{"href":"https:\/\/iita.org\/fr\/wp-json\/wp\/v2\/media?parent=17324"}],"wp:term":[{"taxonomy":"post_tag","embeddable":true,"href":"https:\/\/iita.org\/fr\/wp-json\/wp\/v2\/tags?post=17324"},{"taxonomy":"science-area","embeddable":true,"href":"https:\/\/iita.org\/fr\/wp-json\/wp\/v2\/science-area?post=17324"},{"taxonomy":"program","embeddable":true,"href":"https:\/\/iita.org\/fr\/wp-json\/wp\/v2\/program?post=17324"},{"taxonomy":"location","embeddable":true,"href":"https:\/\/iita.org\/fr\/wp-json\/wp\/v2\/location?post=17324"},{"taxonomy":"news-type","embeddable":true,"href":"https:\/\/iita.org\/fr\/wp-json\/wp\/v2\/news-type?post=17324"},{"taxonomy":"hub","embeddable":true,"href":"https:\/\/iita.org\/fr\/wp-json\/wp\/v2\/hub?post=17324"},{"taxonomy":"crop","embeddable":true,"href":"https:\/\/iita.org\/fr\/wp-json\/wp\/v2\/crop?post=17324"},{"taxonomy":"impact-areas","embeddable":true,"href":"https:\/\/iita.org\/fr\/wp-json\/wp\/v2\/impact-areas?post=17324"},{"taxonomy":"item-year","embeddable":true,"href":"https:\/\/iita.org\/fr\/wp-json\/wp\/v2\/item-year?post=17324"}],"curies":[{"name":"bien jou\u00e9","href":"https:\/\/api.w.org\/{rel}","templated":true}]}}